{"id":944,"date":"2017-01-09T19:57:26","date_gmt":"2017-01-09T18:57:26","guid":{"rendered":"http:\/\/sovamm.cz\/wordpress\/?p=944"},"modified":"2025-11-11T10:35:06","modified_gmt":"2025-11-11T09:35:06","slug":"potencial-hodnotnych-historickych-vesnic","status":"publish","type":"post","link":"https:\/\/sovamm.cz\/wordpress\/2017\/01\/09\/potencial-hodnotnych-historickych-vesnic\/","title":{"rendered":"Potenci\u00e1l hodnotn\u00fdch historick\u00fdch vesnic"},"content":{"rendered":"<p><em>Ve Zpr\u00e1v\u00e1ch pam\u00e1tkov\u00e9 p\u00e9\u010de 2016\/2 tematicky zam\u011b\u0159en\u00fdch na lidovou architekturu a&nbsp;vesnice vy\u0161lo n\u011bkolik \u010dl\u00e1nk\u016f z&nbsp;pera spolupracovn\u00edk\u016f SOVPIS. Podrobn\u011bj\u0161\u00ed dokumentace k&nbsp;temat\u016fm v&nbsp;nich prob\u00edran\u00fdch je sou\u010d\u00e1st\u00ed archivu SOVPIS a&nbsp;postupn\u011b ji najdete mezi dokumenty publikovan\u00fdmi z&nbsp;prim\u00e1rn\u00edho \u00falo\u017ei\u0161t\u011b SOVPIS (viz. <a href=\"https:\/\/sovamm.cz\/wordpress\/lokality-sovpis\/\">p\u0159ehledov\u00e1 tabulka lokalit SOVPIS<\/a>) a&nbsp;v&nbsp;<a href=\"https:\/\/iispp.npu.cz\/mis_public\/homepage.htm\" target=\"_blank\" rel=\"noopener\">MIS<\/a>. Jako prvn\u00ed zde p\u0159etiskujeme \u010dl\u00e1nek<\/em> Potenci\u00e1l hodnotn\u00fdch historick\u00fdch vesnic k&nbsp;pam\u00e1tkov\u00e9 ochran\u011b i&nbsp;aplikaci n\u00e1stroj\u016f \u00fazemn\u011b analytick\u00fdch podklad\u016f. <em>V tabulce ilustrac\u00ed najdete dokumenty pou\u017eit\u00e9 pro tento \u010dl\u00e1nek. Obr\u00e1zky m\u016f\u017eete zobrazit ve v\u011bt\u0161\u00edm rozli\u0161en\u00ed kliknut\u00edm na n\u00e1hled.<\/em><\/p>\n<p>\n<table id=\"tablepress-5\" class=\"tablepress tablepress-id-5\">\n<thead>\n<tr class=\"row-1\">\n\t<th class=\"column-1\">ilustrace<\/th><th class=\"column-2\">popis<\/th>\n<\/tr>\n<\/thead>\n<tbody class=\"row-striping row-hover\">\n<tr class=\"row-2\">\n\t<td class=\"column-1\"><a href=\"https:\/\/i0.wp.com\/sovamm.cz\/wordpress\/wp-content\/uploads\/2017\/01\/01_1504_7466P-e1483988801112.jpg\"><img data-recalc-dims=\"1\" loading=\"lazy\" decoding=\"async\" src=\"https:\/\/i0.wp.com\/sovamm.cz\/wordpress\/wp-content\/uploads\/2017\/01\/01_1504_7466P-150x150.jpg?resize=150%2C150\" alt=\"01. Valy (okres \u010cesk\u00e1 L\u00edpa)\" width=\"150\" height=\"150\" class=\"alignnone size-thumbnail wp-image-952\" \/><\/a><\/td><td class=\"column-2\">01. Valy (okres \u010cesk\u00e1 L\u00edpa) \u2013 jedna z \u0159ady velmi dob\u0159e dochovan\u00fdch d\u0159ev\u011bn\u00fdch vesnic Lu\u017eick\u00fdch hor. Po\u010detn\u00fd potenci\u00e1l vesnick\u00fdch pam\u00e1tkov\u00fdch z\u00f3n skr\u00fdvaj\u00ed cel\u00e9 severn\u00ed \u010cechy v\u010detn\u011b \u0160luknovsk\u00e9ho v\u00fdb\u011b\u017eku. Foto Karel Ku\u010da 2015.<\/td>\n<\/tr>\n<tr class=\"row-3\">\n\t<td class=\"column-1\"><a href=\"https:\/\/i0.wp.com\/sovamm.cz\/wordpress\/wp-content\/uploads\/2017\/01\/02_1005_4358-e1483988783474.jpg\"><img data-recalc-dims=\"1\" loading=\"lazy\" decoding=\"async\" src=\"https:\/\/i0.wp.com\/sovamm.cz\/wordpress\/wp-content\/uploads\/2017\/01\/02_1005_4358-150x150.jpg?resize=150%2C150\" alt=\"02. Bo\u017eanov (okres N\u00e1chod).\" width=\"150\" height=\"150\" class=\"alignnone size-thumbnail wp-image-953\" \/><\/a><\/td><td class=\"column-2\">02. Bo\u017eanov (okres N\u00e1chod). Ani jedna z unik\u00e1tn\u00edch broumovsk\u00fdch vesnic s velk\u00fdmi zd\u011bn\u00fdmi klasicistn\u00edmi usedlostmi (krom\u011b zna\u010dn\u011b po\u0161ko\u017een\u00e9 K\u0159inice) dosud nen\u00ed pam\u00e1tkov\u011b chr\u00e1n\u011bna. S ohledem na mimo\u0159\u00e1dnou d\u00e9lku a r\u016fzn\u00fd stupe\u0148 naru\u0161en\u00ed t\u011bchto vesnic si ochranu zaslou\u017e\u00ed alespo\u0148 jejich \u010d\u00e1sti. Foto Karel Ku\u010da 2010.<\/td>\n<\/tr>\n<tr class=\"row-4\">\n\t<td class=\"column-1\"><a href=\"https:\/\/i0.wp.com\/sovamm.cz\/wordpress\/wp-content\/uploads\/2017\/01\/03_1404_0760P-e1483988759383.jpg\"><img data-recalc-dims=\"1\" loading=\"lazy\" decoding=\"async\" src=\"https:\/\/i0.wp.com\/sovamm.cz\/wordpress\/wp-content\/uploads\/2017\/01\/03_1404_0760P-150x150.jpg?resize=150%2C150\" alt=\"03. Lib\u011bdice (okres Chomutov).\" width=\"150\" height=\"150\" class=\"alignnone size-thumbnail wp-image-954\" \/><\/a><\/td><td class=\"column-2\">03. Lib\u011bdice (okres Chomutov). Ka\u017ed\u00fd z dom\u016f na sn\u00edmku sice charakterizuj\u00ed ne zcela optim\u00e1ln\u00ed renova\u010dn\u00ed z\u00e1sahy, ale vesnice si jako celek st\u00e1le zachov\u00e1v\u00e1 mimo\u0159\u00e1dnou hodnotu, umocn\u011bnou dominantami kostela, z\u00e1mku a dal\u0161\u00edch vrchnostensk\u00fdch staveb. Reprezentuje jednu ze skupiny pozoruhodn\u00fdch vesnic v oblasti mezi \u017datcem a Doupovsk\u00fdmi horami. Foto Karel Ku\u010da 2014.<\/td>\n<\/tr>\n<tr class=\"row-5\">\n\t<td class=\"column-1\"><a href=\"https:\/\/i0.wp.com\/sovamm.cz\/wordpress\/wp-content\/uploads\/2017\/01\/04_1408_0110P-e1483988727542.jpg\"><img data-recalc-dims=\"1\" loading=\"lazy\" decoding=\"async\" src=\"https:\/\/i0.wp.com\/sovamm.cz\/wordpress\/wp-content\/uploads\/2017\/01\/04_1408_0110P-150x150.jpg?resize=150%2C150\" alt=\"04. Krt\u00edn (okres Tachov).\" width=\"150\" height=\"150\" class=\"alignnone size-thumbnail wp-image-955\" \/><\/a><\/td><td class=\"column-2\">04. Krt\u00edn (okres Tachov). Oblast \u0161ir\u0161\u00edho Hor\u0161ovskot\u00fdnska a St\u0159\u00edbrska je typick\u00e1 velk\u00fdm mno\u017estv\u00edm dob\u0159e dochovan\u00fdch vesnic, jejich\u017e v\u00fdsledn\u00fd architektonick\u00fd obraz poch\u00e1z\u00ed \u010dasto z konce 19. stolet\u00ed \u010di a\u017e z 1. republiky. Z\u00e1stavba t\u011bchto vs\u00ed je ve zlomov\u00e9m bodu existence a nezbytn\u00e9 stavebn\u00ed opravy, nebudoiu-li pam\u00e1tkovou p\u00e9\u010d\u00ed regulov\u00e1ny, budou znamenat ztr\u00e1tu podstatn\u00e9 \u010d\u00e1sti pam\u00e1tkov\u00e9 hodnoty t\u011bchto vs\u00ed, jak to ji\u017e v \u0159ad\u011b p\u0159\u00edpad\u016f m\u016f\u017eeme bohu\u017eel pozorovat. Foto Karel Ku\u010da 2014.<\/td>\n<\/tr>\n<tr class=\"row-6\">\n\t<td class=\"column-1\"><a href=\"https:\/\/i0.wp.com\/sovamm.cz\/wordpress\/wp-content\/uploads\/2017\/01\/05_1404_1540-e1483988698381.jpg\"><img data-recalc-dims=\"1\" loading=\"lazy\" decoding=\"async\" src=\"https:\/\/i0.wp.com\/sovamm.cz\/wordpress\/wp-content\/uploads\/2017\/01\/05_1404_1540-150x150.jpg?resize=150%2C150\" alt=\"05. Pode\u0159i\u0161t\u011b (okres Prachatice).\" width=\"150\" height=\"150\" class=\"alignnone size-thumbnail wp-image-956\" \/><\/a><\/td><td class=\"column-2\">05. Pode\u0159i\u0161t\u011b (okres Prachatice). A\u010dkoli je v ji\u017en\u00edch \u010cech\u00e1ch velk\u00fd po\u010det pam\u00e1tkov\u011b chr\u00e1n\u011bn\u00fdch vesnic, potenci\u00e1l t\u00e9to \u2013 i v \u0161ir\u0161\u00edm evropsk\u00e9m kontextu \u2013 mimo\u0159\u00e1dn\u00e9 oblasti zdaleka nen\u00ed vy\u010derp\u00e1n. Foto Karel Ku\u010da 2014.<\/td>\n<\/tr>\n<tr class=\"row-7\">\n\t<td class=\"column-1\"><a href=\"https:\/\/i0.wp.com\/sovamm.cz\/wordpress\/wp-content\/uploads\/2017\/01\/06_1203_1102-e1483988678805.jpg\"><img data-recalc-dims=\"1\" loading=\"lazy\" decoding=\"async\" src=\"https:\/\/i0.wp.com\/sovamm.cz\/wordpress\/wp-content\/uploads\/2017\/01\/06_1203_1102-150x150.jpg?resize=150%2C150\" alt=\"06. Dan\u010dovice (okres Jind\u0159ich\u016fv Hradec).\" width=\"150\" height=\"150\" class=\"alignnone size-thumbnail wp-image-957\" \/><\/a><\/td><td class=\"column-2\">06. Dan\u010dovice (okres Jind\u0159ich\u016fv Hradec). Velmi dob\u0159e dochovan\u00fd p\u0159\u00edklad z\u00e1padomoravsk\u00e9 vesnice s p\u0159ev\u00e1\u017en\u011b okapovou p\u0159\u00edzemn\u00ed zd\u011bnou z\u00e1stavbou. Foto Karel Ku\u010da 2012.<\/td>\n<\/tr>\n<tr class=\"row-8\">\n\t<td class=\"column-1\"><a href=\"https:\/\/i0.wp.com\/sovamm.cz\/wordpress\/wp-content\/uploads\/2017\/01\/07_1203_1165-e1483988654265.jpg\"><img data-recalc-dims=\"1\" loading=\"lazy\" decoding=\"async\" src=\"https:\/\/i0.wp.com\/sovamm.cz\/wordpress\/wp-content\/uploads\/2017\/01\/07_1203_1165-150x150.jpg?resize=150%2C150\" alt=\"07. Lubnice (okres Znojmo).\" width=\"150\" height=\"150\" class=\"alignnone size-thumbnail wp-image-958\" \/><\/a><\/td><td class=\"column-2\">07. Lubnice (okres Znojmo). Pam\u00e1tkov\u011b chr\u00e1n\u011bn\u00fdch vesnic na jihoz\u00e1padn\u00ed Morav\u011b je dosud velmi m\u00e1lo, t\u0159eba\u017ee zde \u0159ada cenn\u00fdch vs\u00ed st\u00e1le existuje. Lubnice se vyzna\u010duje mimo\u017e\u00e1dn\u011b p\u016fsobivou hmotovou skladbou v \u00fadoln\u00ed ter\u00e9nn\u00ed konfiguraci. Foto Karel Ku\u010da 2012.<\/td>\n<\/tr>\n<tr class=\"row-9\">\n\t<td class=\"column-1\"><a href=\"https:\/\/i0.wp.com\/sovamm.cz\/wordpress\/wp-content\/uploads\/2017\/01\/08_1205_3113P-e1483988630179.jpg\"><img data-recalc-dims=\"1\" loading=\"lazy\" decoding=\"async\" src=\"https:\/\/i0.wp.com\/sovamm.cz\/wordpress\/wp-content\/uploads\/2017\/01\/08_1205_3113P-150x150.jpg?resize=150%2C150\" alt=\"08. Hrub\u00e1 Vrbka (okres Hodon\u00edn).\" width=\"150\" height=\"150\" class=\"alignnone size-thumbnail wp-image-959\" \/><\/a><\/td><td class=\"column-2\">08. Hrub\u00e1 Vrbka (okres Hodon\u00edn). Souvisl\u00e9 \u0159ady kamenn\u00fdch a cihlov\u00fdch stodol dochovan\u00fdch na obou humnech jsou v r\u00e1mci cel\u00e9 \u010cesk\u00e9 republiky unik\u00e1tn\u00ed. A\u010dkoli vlastn\u00ed z\u00e1stavba vsi vykazuje pon\u011bkud v\u011bt\u0161\u00ed m\u00edru naru\u0161en\u00ed, p\u0159esto si celek zaslou\u017e\u00ed vy\u0161\u0161\u00ed stupe\u0148 ochrany ne\u017e pouh\u00e9 ochrann\u00e9 p\u00e1smo. Foto Karel Ku\u010da 2012.<\/td>\n<\/tr>\n<tr class=\"row-10\">\n\t<td class=\"column-1\"><a href=\"https:\/\/i0.wp.com\/sovamm.cz\/wordpress\/wp-content\/uploads\/2017\/01\/09_1307_7498-e1483988605537.jpg\"><img data-recalc-dims=\"1\" loading=\"lazy\" decoding=\"async\" src=\"https:\/\/i0.wp.com\/sovamm.cz\/wordpress\/wp-content\/uploads\/2017\/01\/09_1307_7498-150x150.jpg?resize=150%2C150\" alt=\"09. Odrlice (okres Olomouc).\" width=\"150\" height=\"150\" class=\"alignnone size-thumbnail wp-image-960\" \/><\/a><\/td><td class=\"column-2\">09. Odrlice (okres Olomouc). Velk\u00e9 han\u00e1ck\u00e9 vesnice s patrovou zd\u011bnou okapovou z\u00e1stavbou, \u010dasto z re\u017en\u00fdch cihel nebo se secesn\u00edm dekorem, jsou v\u011bt\u0161inou ji\u017e v\u00edce \u010di m\u00e9n\u011b naru\u0161eny novodob\u00fdmi z\u00e1sahy. Posledn\u00ed t\u00e9m\u011b\u0159 intaktn\u00ed p\u0159\u00edpady si proto t\u00edm sp\u00ed\u0161e zaslou\u017e\u00ed neodkladnou pam\u00e1tkovou ochranu. Foto Karel Ku\u010da 2013.<\/td>\n<\/tr>\n<tr class=\"row-11\">\n\t<td class=\"column-1\"><a href=\"https:\/\/i0.wp.com\/sovamm.cz\/wordpress\/wp-content\/uploads\/2017\/01\/10_1208_3965-e1483988582446.jpg\"><img data-recalc-dims=\"1\" loading=\"lazy\" decoding=\"async\" src=\"https:\/\/i0.wp.com\/sovamm.cz\/wordpress\/wp-content\/uploads\/2017\/01\/10_1208_3965-150x150.jpg?resize=150%2C150\" alt=\"10. Hr\u010dava (okres Fr\u00fddek-M\u00edstek).\" width=\"150\" height=\"150\" class=\"alignnone size-thumbnail wp-image-961\" \/><\/a><\/td><td class=\"column-2\">10. Hr\u010dava (okres Fr\u00fddek-M\u00edstek). \u0160ir\u0161\u00ed beskydsk\u00e1 oblast podlehla modernizaci ji\u017e v pr\u016fb\u011bhu 2. poloviny 20. stolet\u00ed. P\u0159esto i zde najdeme men\u0161\u00ed ucelen\u00e9 soubory charakteristick\u00e9 rouben\u00e9 architektury. Hr\u010dava le\u017e\u00edc\u00ed na pomez\u00ed \u010cesk\u00e9 republiky, Slovenska a Polska se jako jedna z m\u00e1la dochovala jako pam\u00e1tkov\u011b cenn\u00fd vesnick\u00fd celek. Foto Karel Ku\u010da 2012.<\/td>\n<\/tr>\n<tr class=\"row-12\">\n\t<td class=\"column-1\"><a href=\"https:\/\/i0.wp.com\/sovamm.cz\/wordpress\/wp-content\/uploads\/2017\/01\/11_1406_0945-e1483988547276.jpg\"><img data-recalc-dims=\"1\" loading=\"lazy\" decoding=\"async\" src=\"https:\/\/i0.wp.com\/sovamm.cz\/wordpress\/wp-content\/uploads\/2017\/01\/11_1406_0945-150x150.jpg?resize=150%2C150\" alt=\"11. Zv\u00edrotice (okres P\u0159\u00edbram).\" width=\"150\" height=\"150\" class=\"alignnone size-thumbnail wp-image-962\" \/><\/a><\/td><td class=\"column-2\">11. Zv\u00edrotice (okres P\u0159\u00edbram). Zcela unik\u00e1tn\u00ed p\u0159\u00edpad aplikace socialistick\u00e9ho realismu v 50. letech 20. stolet\u00ed p\u0159i v\u00fdstavb\u011b nov\u00e9 vesnice pro z\u00e1topovou oblast Orlick\u00e9 p\u0159ehrady. I zde se ji\u017e za\u010d\u00ednaj\u00ed projevovat jednotliv\u00e9 ru\u0161iv\u00e9 z\u00e1sahy, kter\u00e9 hroz\u00ed tento mimo\u0159\u00e1dn\u00fd celek postupn\u011b zni\u010dit. Foto Karel Ku\u010da 2014.<\/td>\n<\/tr>\n<\/tbody>\n<\/table>\n<!-- #tablepress-5 from cache --><!--more--><\/p>\n<h2 id=\"potenci\u00e1l-hodnotn\u00fdch-histori\">Potenci\u00e1l hodnotn\u00fdch historick\u00fdch vesnic k&nbsp;pam\u00e1tkov\u00e9 ochran\u011b i&nbsp;aplikaci n\u00e1stroj\u016f \u00fazemn\u011b analytick\u00fdch podklad\u016f<\/h2>\n<p><em>Karel Ku\u010da \u2013 V\u011bra Ku\u010dov\u00e1<\/em><\/p>\n<p>\u010cesk\u00e1 republika zauj\u00edm\u00e1 v&nbsp;celoevropsk\u00e9m m\u011b\u0159\u00edtku p\u0159edn\u00ed m\u00edsto jak v&nbsp;m\u00ed\u0159e dochov\u00e1n\u00ed historick\u00e9ho urbanistick\u00e9ho d\u011bdictv\u00ed (m\u011bstsk\u00e9ho i&nbsp;vesnick\u00e9ho), tak jeho pam\u00e1tkov\u00e9 ochran\u011b. V&nbsp;sou\u010dasn\u00e9 dob\u011b u&nbsp;n\u00e1s existuje 272 vesnick\u00fdch pam\u00e1tkov\u00fdch rezervac\u00ed a&nbsp;z\u00f3n. To je jist\u011b pom\u011brn\u011b vysok\u00fd po\u010det, ale kdy\u017e si uv\u011bdom\u00edme, \u017ee m\u011bstsk\u00fdch pam\u00e1tkov\u00fdch rezervac\u00ed a&nbsp;z\u00f3n je 296<sup><a id=\"post-944-footnote-ref-1\" href=\"#post-944-footnote-1\">[1]<\/a><\/sup>, na prvn\u00ed pohled vyvst\u00e1v\u00e1 po\u010detn\u00ed nepom\u011br. Historick\u00fdch vesnic existuje toti\u017e t\u00e9m\u011b\u0159 dvacetkr\u00e1t v\u00edce ne\u017e historick\u00fdch m\u011bst a&nbsp;m\u011bstys\u016f, tak\u017ee i&nbsp;po\u010det vesnick\u00fdch chr\u00e1n\u011bn\u00fdch \u00fazem\u00ed by m\u011bl podstatn\u011b p\u0159evy\u0161ovat po\u010det chr\u00e1n\u011bn\u00fdch m\u011bstsk\u00fdch celk\u016f, by\u0165 ne nezbytn\u011b ve stejn\u00e9 pom\u011bru. \u017de nejde pouze o&nbsp;teoretick\u00fd p\u0159edpoklad, bylo ji\u017e na str\u00e1nk\u00e1ch tohoto periodika i&nbsp;jinde v&nbsp;minulosti prezentov\u00e1no. Zejm\u00e9na v&nbsp;pr\u016fb\u011bhu 90.&nbsp;let 20.&nbsp;stolet\u00ed se uskute\u010dnil plo\u0161n\u00fd pr\u016fzkum prakticky v\u0161ech na\u0161ich vesnic, kter\u00fd prok\u00e1zal, \u017ee dochovan\u00fdch hodnotn\u00fdch celk\u016f je n\u011bkolik set<sup><a id=\"post-944-footnote-ref-2\" href=\"#post-944-footnote-2\">[2]<\/a><\/sup>. Nejhodnotn\u011bj\u0161\u00ed vesnick\u00e1 s\u00eddla se alespo\u0148 v&nbsp;\u010cech\u00e1ch do\u010dkala i&nbsp;podrobn\u00e9ho p\u0159edstaven\u00ed formou n\u011bkolikad\u00edln\u00e9 encyklopedie<sup><a id=\"post-944-footnote-ref-3\" href=\"#post-944-footnote-3\">[3]<\/a><\/sup>. Z\u00a0p\u0159edchoz\u00edch plo\u0161n\u00fdch pr\u016fzkum\u016f ostatn\u011b mj.&nbsp;vych\u00e1zelo i&nbsp;dosud posledn\u00ed rozmno\u017een\u00ed po\u010dtu vesnick\u00fdch pam\u00e1tkov\u00fdch z\u00f3n v&nbsp;roce 2004, i&nbsp;kdy\u017e po\u010det p\u0159edlo\u017een\u00fdch n\u00e1vrh\u016f byl mnohem vy\u0161\u0161\u00ed. I&nbsp;kdy\u017e v\u00a0tomto \u010d\u00edsle p\u0159ipom\u00edn\u00e1me pozitivn\u00ed skute\u010dnost v\u00edce ne\u017e dvaceti let pam\u00e1tkov\u00fdch \u00fazem\u00ed ve vesnic\u00edch a&nbsp;st\u00e1tn\u00ed pomoc uchov\u00e1n\u00ed mnoha cenn\u00fdch staveb, slu\u0161\u00ed se t\u00e9ma roz\u0161\u00ed\u0159it i&nbsp;za jejich obzor.<\/p>\n<p>U\u017e na p\u0159elomu 20.&nbsp;a&nbsp;21.&nbsp;stolet\u00ed bylo zcela z\u0159ejm\u00e9, \u017ee potenci\u00e1l nechr\u00e1n\u011bn\u00fdch hodnotn\u00fdch vesnic je st\u00e1le velmi po\u010detn\u00fd a&nbsp;\u017ee pro zachov\u00e1n\u00ed kulturn\u00edch hodnot a&nbsp;kulturn\u00edch charakteristik krajiny a&nbsp;obecn\u011b n\u00e1rodn\u00ed kulturn\u00ed identity \u010cesk\u00e9 republiky je nezbytn\u00e9 zajistit pam\u00e1tkovou ochranu alespo\u0148 t\u011bch nejcenn\u011bj\u0161\u00edch. Zejm\u00e9na v&nbsp;t\u011bch oblastech \u010cesk\u00e9 republiky, ve kter\u00fdch jsou dosud chr\u00e1n\u011bn\u00e1 s\u00eddla a&nbsp;ur\u010dit\u00e9 typy vesnick\u00e9 architektury a&nbsp;formov\u00e1n\u00ed s\u00eddel zastoupena nedostate\u010dn\u011b. Tento \u00fakol v&nbsp;nezten\u010den\u00e9 m\u00ed\u0159e trv\u00e1 i&nbsp;po&nbsp;dosud posledn\u00ed vln\u011b prohl\u00e1\u0161en\u00ed vesnick\u00fdch pam\u00e1tkov\u00fdch z\u00f3n v&nbsp;roce 2004, od kter\u00e9ho tedy uplynulo v\u00edce ne\u017e 10 let. Re\u00e1ln\u00fd obraz na\u0161ich vesnic se v\u0161ak v&nbsp;pr\u016fb\u011bhu posledn\u00edch p\u0159ibli\u017en\u011b 15 let za\u010d\u00edn\u00e1 pom\u011brn\u011b dramaticky m\u011bnit. V&nbsp;mnohem v\u011bt\u0161\u00ed m\u00ed\u0159e ne\u017e d\u0159\u00edve doch\u00e1z\u00ed k&nbsp;modernizaci tradi\u010dn\u00ed z\u00e1stavby, co\u017e bylo akcelerov\u00e1no zejm\u00e9na r\u016fzn\u00fdmi dota\u010dn\u00edmi mo\u017enostmi, kter\u00e9 historick\u00e9 hodnoty pam\u00e1tkov\u011b nechr\u00e1n\u011bn\u00fdch staveb p\u0159ehl\u00ed\u017eej\u00ed a&nbsp;dokonce likviduj\u00ed. V\u00fdrazn\u00fdm impulsem rychl\u00fdch zm\u011bn podoby vesnick\u00e9 z\u00e1stavby byl od roku 2009 program Zelen\u00e1m \u00faspor\u00e1m, spu\u0161t\u011bn\u00fd zcela bez p\u0159edstavy, jak\u00e9 spole\u010densk\u00e9 probl\u00e9my vzniknou p\u0159i&nbsp;snaze oboru pam\u00e1tkov\u00e9 p\u00e9\u010de br\u00e1nit nejhor\u0161\u00edmu. Zm\u011bny vn\u011bj\u0161\u00edho pl\u00e1\u0161t\u011b mnoha staveb v&nbsp;r\u00e1mci zateplov\u00e1n\u00ed budov spo\u010d\u00edvaly u&nbsp;mnoha staveb nejen ve v\u00fdm\u011bn\u011b p\u016fvodn\u00edch oken za typov\u00e1, v\u010detn\u011b plastov\u00fdch, ale i&nbsp;v&nbsp;likvidaci \u010dlen\u011bn\u00ed fas\u00e1d. V\u00a0dal\u0161\u00edch letech se dotace nasm\u011brovaly sice pon\u011bkud odli\u0161n\u011b, p\u0159esto nekvalitn\u00ed zm\u011bny staveb pokra\u010duj\u00ed, stavebn\u00ed \u00fapravy historick\u00fdch vesnick\u00fdch staveb jsou utilit\u00e1rn\u00ed, bez ambic respektovat charakter objekt nebo dokonce kontext prost\u0159ed\u00ed. Liberalizace zm\u011bn staveb podle stavebn\u00edho z\u00e1kona znamenala dal\u0161\u00ed posun k\u00a0degradaci stavebn\u00ed kultury pr\u00e1v\u011b na venkov\u011b. Prakticky ve stejn\u00e9 m\u00ed\u0159e se objevuj\u00ed stavebn\u00ed \u00fapravy, p\u0159\u00edstavby a&nbsp;n\u00e1stavby hmotov\u011b, materi\u00e1lov\u011b a&nbsp;v\u00fdtvarn\u011b nesourod\u00e9 s\u00a0p\u016fvodn\u00edm objektem. Vznikaj\u00ed nad\u00e1le na kontext nijak nenavazuj\u00edc\u00ed novostavby, vesm\u011bs zcela pod\u0159adn\u00e9 architektonick\u00e9 \u00farovn\u011b, a\u0165 u\u017e jde o&nbsp;produkci osob bez pat\u0159i\u010dn\u00e9ho rozhledu \u010di&nbsp;vzd\u011bl\u00e1n\u00ed, nebo pokra\u010duje vn\u00e1\u0161en\u00ed katalogov\u00fdch projekt\u016f do historick\u00e9ho prost\u0159ed\u00ed. Stavebn\u00ed regulace p\u016fsoben\u00edm stavebn\u00edch \u00fa\u0159ad\u016f prakticky neexistuje, p\u0159esto\u017ee stavebn\u00ed z\u00e1kon v&nbsp;\u00a7 18 zavazuje k\u00a0respektov\u00e1n\u00ed architektonick\u00e9ho, urbanistick\u00e9ho a&nbsp;krajinn\u00e9ho d\u011bdictv\u00ed<sup><a id=\"post-944-footnote-ref-4\" href=\"#post-944-footnote-4\">[4]<\/a><\/sup>. Regula\u010dn\u00ed pl\u00e1ny, kter\u00e9 by urbanistickou strukturu pom\u00e1haly hl\u00eddat, si obce nepo\u0159izuj\u00ed. Vesnick\u00e9 prost\u0159ed\u00ed je p\u0159itom velmi zraniteln\u00e9. Ru\u0161iv\u00e9 stavebn\u00ed zm\u011bny n\u011bkolika dom\u016f <s>na n\u00e1vsi<\/s> obvykle naru\u0161\u00ed celkov\u00fd charakter vesnice v&nbsp;mnohem v\u011bt\u0161\u00ed m\u00ed\u0159e ne\u017e ve m\u011bst\u011b.<\/p>\n<p>P\u0159i hled\u00e1n\u00ed potenci\u00e1lu vesnic k\u00a0ochran\u011b jejich hodnot p\u0159itom nejde pouze o&nbsp;eliminaci negativn\u00edch zm\u011bn jednotliv\u00fdch staveb, ale tak\u00e9 o&nbsp;z\u00e1sahy do urbanistick\u00e9 struktury. I&nbsp;do pom\u011brn\u011b odlehl\u00fdch venkovsk\u00fdch region\u016f ji\u017e zasahuje proces tzv.&nbsp;suburbanizace. Obecn\u011b lze \u0159\u00edci, \u017ee vylid\u0148ov\u00e1n\u00ed venkova skon\u010dilo a&nbsp;tlak na novou v\u00fdstavbu se projevuje ve v\u011bt\u0161in\u011b s\u00eddel. Nov\u011b zastavovan\u00e9 plochy nejen na okraj\u00edch vesnic, ale i&nbsp;v&nbsp;jeijch historick\u00fdch \u010d\u00e1stech jsou v\u011bt\u0161inou rozparcelov\u00e1ny zcela bez ohledu na historickou urbanistickou strukturu s\u00eddla, s&nbsp;uplatn\u011bn\u00edm zastavovac\u00edch sch\u00e9mat uplat\u0148ovan\u00fdch v&nbsp;tzv.&nbsp;satelitn\u00edch suburbi\u00edch v&nbsp;okol\u00ed v\u011bt\u0161\u00edch m\u011bst<sup><a id=\"post-944-footnote-ref-5\" href=\"#post-944-footnote-5\">[5]<\/a><\/sup>. Nic nenasv\u011bd\u010duje tomu, \u017ee by se popsan\u00e9 trendy m\u011bly v&nbsp;dohledn\u00e9 budoucnosti v\u00fdrazn\u011bji zm\u011bnit. Znamen\u00e1 to, \u017ee je\u0161t\u011b ned\u00e1vno skute\u010dn\u011b mimo\u0159\u00e1dn\u011b po\u010detn\u00fd potenci\u00e1l hodnotn\u00fdch nechr\u00e1n\u011bn\u00fdch vesnic se ka\u017ed\u00fdm rokem sni\u017euje, a&nbsp;to zna\u010dn\u011b radik\u00e1ln\u011b.<\/p>\n<p>Ochrana vesnick\u00e9ho d\u011bdictv\u00ed nemus\u00ed b\u00fdt omezena pouze na institut pam\u00e1tkov\u00e9 z\u00f3ny \u010di&nbsp;pam\u00e1tkov\u00e9 rezervace. P\u0159inejmen\u0161\u00edm deklaraci existuj\u00edc\u00edch hodnot umo\u017e\u0148uj\u00ed t\u00e9\u017e tzv.&nbsp;sledovan\u00e9 jevy \u00fazemn\u011b analytick\u00fdch podklad\u016f (d\u00e1le \u201e\u00daAP\u201c) obc\u00ed podle stavebn\u00edho z\u00e1kona<sup><a id=\"post-944-footnote-ref-6\" href=\"#post-944-footnote-6\">[6]<\/a><\/sup>. V&nbsp;r\u00e1mci jednoho z\u00a0projekt\u016f \u0159e\u0161en\u00e9ho v&nbsp;r\u00e1mci Programu podpory n\u00e1rodn\u00ed a&nbsp;kulturn\u00ed identity \u010cesk\u00e9 republiky (NAKI)<sup><a id=\"post-944-footnote-ref-7\" href=\"#post-944-footnote-7\">[7]<\/a><\/sup> byla konkretizaci vybran\u00fdch jev\u016f v\u011bnov\u00e1na velk\u00e1 pozornost. D\u00edky tomu je k&nbsp;dispozici nov\u00e1, certifikovan\u00e1 <em>Metodika pro identifikaci a&nbsp;klasifikaci \u00fazem\u00ed s&nbsp;urbanistick\u00fdmi hodnotami<\/em><sup><a id=\"post-944-footnote-ref-8\" href=\"#post-944-footnote-8\">[8]<\/a><\/sup>. Ta rozli\u0161uje r\u016fznou m\u00edru dochov\u00e1n\u00ed urbanistick\u00fdch hodnot. D\u00e1v\u00e1 objektivn\u00ed krit\u00e9ria pro rozli\u0161en\u00ed \u00fazem\u00ed nejcenn\u011bj\u0161\u00edch \u2013 \u00fazem\u00ed s&nbsp;dochovan\u00fdmi urbanistick\u00fdmi hodnotami a&nbsp;architektonicky cennou z\u00e1stavbou. Pr\u00e1v\u011b ta odpov\u00eddaj\u00ed standard\u016fm pam\u00e1tkov\u00fdch z\u00f3n \u010di&nbsp;pam\u00e1tkov\u00fdch rezervac\u00ed. Vedle toho v\u0161ak upozor\u0148uje na skute\u010dnost, \u017ee p\u0159inejmen\u0161\u00edm historick\u00e1 p\u016fdorysn\u00e1 struktura se dochovala ve v\u011bt\u0161in\u011b na\u0161ich vesnic a&nbsp;vy\u017eaduje rovn\u011b\u017e alespo\u0148 ochranu z&nbsp;titulu \u00daAP<sup><a id=\"post-944-footnote-ref-9\" href=\"#post-944-footnote-9\">[9]<\/a><\/sup>.<\/p>\n<p>Zat\u00edmco je\u0161t\u011b na p\u0159elomu 20.&nbsp;a&nbsp;21.&nbsp;stolet\u00ed se obraz v\u011bt\u0161iny chr\u00e1n\u011bn\u00fdch a&nbsp;hodnotn\u00fdch nechr\u00e1n\u011bn\u00fdch vesnic v\u00fdrazn\u011b neli\u0161il a&nbsp;aplikace plo\u0161n\u00e9 ochrany na z\u00e1klad\u011b pam\u00e1tkov\u00e9ho z\u00e1kona se teprve rozv\u00edjela, s&nbsp;odstupem \u010dasu lze konstatovat, \u017ee v\u00a0pam\u00e1tkov\u011b chr\u00e1n\u011bn\u00fdch s\u00eddlech se v\u00edcem\u00e9n\u011b poda\u0159ilo zabr\u00e1nit naru\u0161ov\u00e1n\u00ed dochovan\u00fdch hodnot a&nbsp;nastartovat proces regenerace. Nechr\u00e1n\u011bn\u00e9 vesnice jsou v\u0161ak vystaveny takov\u00e9 m\u00ed\u0159e neregulovan\u00e9ho nakl\u00e1d\u00e1n\u00ed se stavebn\u00edm fondem, kter\u00fd lze nazvat \u201estavebn\u00ed anarchii\u201c. Nejsou v\u00fdjimkou p\u0159\u00edpady, kdy ned\u00e1vno je\u0161t\u011b velmi cenn\u00e9 vesnice ztratily v&nbsp;d\u016fsledku toho velkou \u010d\u00e1st sv\u00e9 hodnoty a&nbsp;dnes by ji\u017e jejich pam\u00e1tkov\u00e1 ochrana bohu\u017eel nem\u011bla efekt a&nbsp;byla by v\u00a0procesu p\u0159\u00edpravy i&nbsp;t\u011b\u017eko zd\u016fvo\u0148ov\u00e1na.<\/p>\n<p>V\u00fd\u0161e zm\u00edn\u011bn\u00e9 p\u0159ehledy potenci\u00e1lu pam\u00e1tkov\u011b hodnotn\u00fdch nechr\u00e1n\u011bn\u00fdch vesnic z&nbsp;p\u0159elomu 20.&nbsp;a&nbsp;21.&nbsp;stolet\u00ed jsou nad\u00e1le z\u00e1kladem pro v\u00fdb\u011br budouc\u00edch vesnick\u00fdch pam\u00e1tkov\u00fdch z\u00f3n. Je ov\u0161em nezbytn\u00e9, aby ka\u017ed\u00e1 k\u00a0ochran\u011b d\u0159\u00edve doporu\u010den\u00e1 vesnice byla aktu\u00e1ln\u011b prov\u011b\u0159ena. To \u010d\u00e1ste\u010dn\u011b plat\u00ed rovn\u011b\u017e o&nbsp;aktualizovan\u00e9 map\u011b nejhodnotn\u011bj\u0161\u00edch vesnick\u00fdch s\u00eddel, kter\u00e1 je v\u00fdstupem v\u00fd\u0161e citovan\u00e9ho projektu, proto\u017ee stavebn\u00ed zm\u011bny vesnic rychle pokra\u010duj\u00ed, a&nbsp;to pr\u00e1v\u011b nyn\u00ed, kdy odezn\u011bla finan\u010dn\u00ed krize, zlevnily hypot\u00e9ky a&nbsp;na obzoru jsou i&nbsp;p\u016fj\u010dky na bydlen\u00ed pro mlad\u00e9 rodiny. Pr\u00e1v\u011b venkov je st\u00e1le zcela charakteristick\u00fd individu\u00e1ln\u00ed stavebn\u00ed aktivitou. I&nbsp;kdy\u017e po&nbsp;obecn\u00e9m zv\u00fd\u0161en\u00ed stavebn\u00ed kultury v\u00a0cel\u00e9 \u010cesk\u00e9 republice (nez\u00e1visle na pam\u00e1tkov\u00e9 ochran\u011b) vol\u00e1 v\u00a0roce 2015 p\u0159ijat\u00e1 Politika architektury a&nbsp;stavebn\u00ed kultury<sup><a id=\"post-944-footnote-ref-10\" href=\"#post-944-footnote-10\">[10]<\/a><\/sup>, jedinou skute\u010dnou stavebn\u00ed regulaci bohu\u017eel supluje obor pam\u00e1tkov\u00e9 p\u00e9\u010de a&nbsp;zlep\u0161en\u00ed nen\u00ed na obzoru. V&nbsp;ka\u017ed\u00e9m p\u0159\u00edpad\u011b m\u00e1me nyn\u00ed asi u\u017e posledn\u00ed \u2013 a&nbsp;\u010dasov\u011b omezenou \u2013 mo\u017enost k&nbsp;v\u00fdb\u011bru v\u011bt\u0161\u00edho po\u010dtu dal\u0161\u00edch velmi hodnotn\u00fdch vesnic k&nbsp;pam\u00e1tkov\u00e9 ochran\u011b, spolu s\u00a0vymezen\u00edm urbanistick\u00fdch hodnot ve stovk\u00e1ch dal\u0161\u00edch, dosud hmotov\u011b st\u00e1le dob\u0159e dochovan\u00fdch vesnic (a&nbsp;samoz\u0159ejm\u011b i&nbsp;m\u011bstech). Nem\u011bli bychom tuto p\u0159\u00edle\u017eitost promarnit, proto\u017ee pam\u00e1tkov\u00e9 ztr\u00e1ty jsou nevratn\u00e9 a&nbsp;v\u017edy znamenaj\u00ed citeln\u00e9 ochuzen\u00ed na\u0161eho kulturn\u00edho bohatstv\u00ed \u2013 a&nbsp;n\u00e1rodn\u00ed kulturn\u00ed identity.<\/p>\n<ol>\n<li id=\"post-944-footnote-1\">Aktu\u00e1ln\u00ed kompletn\u00ed p\u0159ehled v\u0161ech chr\u00e1n\u011bn\u00fdch \u00fazem\u00ed byl nejnov\u011bji publikov\u00e1n v: OURODA, Vlastislav (ed.) 2015: <em>Urbanistick\u00e9 d\u011bdictv\u00ed \u010cesk\u00e9 republiky. Katalog v\u00fdstavy. Urban Heritage of the Czech Republic. Exhibition Catalog.<\/em> \u010cesk\u00e9 Bud\u011bjovice, N\u00e1rodn\u00ed pam\u00e1tkov\u00fd \u00fastav. <a href=\"#post-944-footnote-ref-1\">\u2191<\/a><\/li>\n<li id=\"post-944-footnote-2\">KU\u010cA, Karel 1998: Pam\u00e1tkov\u011b chr\u00e1n\u011bn\u00e1 m\u011bsta a&nbsp;vesnice v\u3000\u010cech\u00e1ch, na Morav\u011b a&nbsp;ve Slezsku. Sou\u010dasn\u00fd stav a&nbsp;mo\u017enosti dopln\u011bn\u00ed. In: Zpr\u00e1vy pam\u00e1tkov\u00e9 p\u00e9\u010de 58, \u010d.&nbsp;2, s. 33\u201366. Dopl.: Ku\u010da Karel 1998, Opravy a&nbsp;dodatky. Zpr\u00e1vy pam\u00e1tkov\u00e9 p\u00e9\u010de 58, \u010d.&nbsp;10, s. 322\u2013323.KU\u010cA, Karel 2002: Atlas pam\u00e1tek \u2013 \u010cesk\u00e1 republika, Svazek 1. A\u2013N, Svazek 2. O\u2013\u017d. Baset Praha, s. 1\u2013752 s., il., mp., pl., s. 753\u20131403, il., mp., pl. <a href=\"#post-944-footnote-ref-2\">\u2191<\/a><\/li>\n<li id=\"post-944-footnote-3\">Pe\u0161ta, Jan 2003: <em>Encyklopedie \u010desk\u00fdch vesnic. Vesnick\u00e9 pam\u00e1tkov\u00e9 rezervace, z\u00f3ny a&nbsp;ostatn\u00ed pam\u00e1tkov\u011b hodnotn\u00e1 vesnick\u00e1 s\u00eddla v&nbsp;\u010cech\u00e1ch. D\u00edl 1. St\u0159edn\u00ed \u010cechy a&nbsp;Praha.<\/em> Praha, Libri.Pe\u0161ta, Jan 2004: <em>Encyklopedie \u010desk\u00fdch vesnic. Vesnick\u00e9 pam\u00e1tkov\u00e9 rezervace, z\u00f3ny a&nbsp;ostatn\u00ed pam\u00e1tkov\u011b hodnotn\u00e1 vesnick\u00e1 s\u00eddla v&nbsp;\u010cech\u00e1ch. D\u00edl 2. Ji\u017en\u00ed \u010cechy.<\/em> Praha, Libri.Pe\u0161ta, Jan 2005: <em>Encyklopedie \u010desk\u00fdch vesnic. D\u00edl 3. Z\u00e1padn\u00ed \u010cechy<\/em>. Praha, Libri.Pe\u0161ta, Jan 2009: <em>Encyklopedie \u010desk\u00fdch vesnic. Vesnick\u00e9 pam\u00e1tkov\u00e9 rezervace, z\u00f3ny a&nbsp;ostatn\u00ed pam\u00e1tkov\u011b hodnotn\u00e1 vesnick\u00e1 s\u00eddla v&nbsp;\u010cech\u00e1ch. D\u00edl 4.&nbsp;\u00dasteck\u00fd kraj<\/em>. Praha, Libri.Pe\u0161ta, Jan 2011: Encyklopedie \u010desk\u00fdch vesnic. Vesnick\u00e9 pam\u00e1tkov\u00e9 rezervace, z\u00f3ny a&nbsp;ostatn\u00ed pam\u00e1tkov\u011b hodnotn\u00e1 vesnick\u00e1 s\u00eddla v&nbsp;\u010cech\u00e1ch. D\u00edl 5. Libereck\u00fd kraj. Severn\u00ed \u010cechy. Praha, Libri. <a href=\"#post-944-footnote-ref-3\">\u2191<\/a><\/li>\n<li id=\"post-944-footnote-4\">! 18 odst 4: \u201e\u00dazemn\u00ed pl\u00e1nov\u00e1n\u00ed ve ve\u0159ejn\u00e9m z\u00e1jmu chr\u00e1n\u00ed a&nbsp;rozv\u00edj\u00ed p\u0159\u00edrodn\u00ed, kulturn\u00ed a&nbsp;civiliza\u010dn\u00ed hodnoty \u00fazem\u00ed, v\u010detn\u011b urbanistick\u00e9ho, architektonick\u00e9ho a&nbsp;archeologick\u00e9ho d\u011bdictv\u00ed. P\u0159itom chr\u00e1n\u00ed krajinu jako podstatnou slo\u017eku prost\u0159ed\u00ed \u017eivota obyvatel a&nbsp;z\u00e1klad jejich toto\u017enosti.\u00a0\u2026\u201c <a href=\"#post-944-footnote-ref-4\">\u2191<\/a><\/li>\n<li id=\"post-944-footnote-5\">HNILI\u010cKA, Pavel 2012: S\u00eddeln\u00ed ka\u0161e. Brno. 2.&nbsp;dopln\u011bn\u00e9 vyd\u00e1n\u00ed. ISBN 978-80-7294-592-4 <a href=\"#post-944-footnote-ref-5\">\u2191<\/a><\/li>\n<li id=\"post-944-footnote-6\">KU\u010cA, Karel 2014: Kulturn\u011b historicky cenn\u00e1 \u00fazem\u00ed \u010cesk\u00e9 republiky a&nbsp;mo\u017enosti ochrany jejich pam\u00e1tkov\u00fdch hodnot z&nbsp;titulu stavebn\u00edho z\u00e1kona. Zpr\u00e1vy pam\u00e1tkov\u00e9 p\u00e9\u010de 74, \u010d.&nbsp;3, s. 193\u2013202. <a href=\"#post-944-footnote-ref-6\">\u2191<\/a><\/li>\n<li id=\"post-944-footnote-7\"><em>Kulturn\u011b historicky cenn\u00e1 \u00fazem\u00ed jako sou\u010d\u00e1st n\u00e1rodn\u00ed a&nbsp;kulturn\u00ed identity \u010cesk\u00e9 republiky. Metody identifikace hodnot historick\u00fdch s\u00eddel, park\u016f a&nbsp;zahrad a&nbsp;jejich zachov\u00e1n\u00ed<\/em>; k\u00f3d projektu: DF12P01OVV044 <a href=\"#post-944-footnote-ref-7\">\u2191<\/a><\/li>\n<li id=\"post-944-footnote-8\">KU\u010cA, Karel \u2013 KU\u010cOV\u00c1, V\u011bra 2015: Metodika identifikace a&nbsp;klasifikace \u00fazem\u00ed s&nbsp;urbanistick\u00fdmi hodnotami. Certifikovan\u00e1 metodika. Edice odborn\u00fdch a&nbsp;metodick\u00fdch publikac\u00ed, svazek 54. Praha, N\u00e1rodn\u00ed pam\u00e1tkov\u00fd \u00fastav, 2015. Metodika je obsahov\u011b komplement\u00e1rn\u00ed se soub\u011b\u017en\u011b vydanou prac\u00ed KU\u010cA, Karel \u2013 KU\u010cOV\u00c1, V\u011bra 2015: Metodika klasifikace staveb podle pam\u00e1tkov\u00e9 hodnoty. Certifikovan\u00e1 metodika. Edice odborn\u00fdch a&nbsp;metodick\u00fdch publikac\u00ed, svazek 55. Praha, N\u00e1rodn\u00ed pam\u00e1tkov\u00fd \u00fastav, 2015. <a href=\"#post-944-footnote-ref-8\">\u2191<\/a><\/li>\n<li id=\"post-944-footnote-9\">HAN\u00c1K, Marek\u2026.. <a href=\"#post-944-footnote-ref-9\">\u2191<\/a><\/li>\n<li id=\"post-944-footnote-10\"><a href=\"https:\/\/mmr.gov.cz\/cs\/ministerstvo\/stavebni-pravo\/koncepce-a-strategie\/politika-architektury-a-stavebni-kultury-ceske-(1)\/politika-architektury-a-stavebni-kultury-ceske-rep\">http:\/\/www.mmr.cz\/cs\/Stavebni-rad-a-bytova-politika\/Uzemni-planovani-a-stavebni-rad\/Koncepce-Strategie\/Politika-architektury-a-stavebni-kultury-Ceske-rep<\/a> <a href=\"#post-944-footnote-ref-10\">\u2191<\/a><\/li>\n<\/ol>\n<ul>\n<li><em>Text p\u0159\u00edsp\u011bvku byl p\u0159ipraven pro Zpr\u00e1vy pam\u00e1tkov\u00e9 p\u00e9\u010de viz<\/em>.:<br \/>\nKU\u010cA, Karel; KU\u010cOV\u00c1, V\u011bra, Dva p\u0159\u00edsp\u011bvky k&nbsp;20.&nbsp;v\u00fdro\u010d\u00ed vyhl\u00e1\u0161en\u00ed prvn\u00edch vesnick\u00fdch pam\u00e1tkov\u00fdch rezervac\u00ed: Potenci\u00e1l hodnotn\u00fdch historick\u00fdch vesnic k&nbsp;pam\u00e1tkov\u00e9 ochran\u011b i&nbsp;aplikaci n\u00e1stroj\u016f \u00fazemn\u011b analytick\u00fdch podklad\u016f. ZPP 2016\/76, \u010d.&nbsp;2, str.&nbsp;155\u2013158.<\/li>\n<\/ul>\n","protected":false},"excerpt":{"rendered":"<p>Ve Zpr\u00e1v\u00e1ch pam\u00e1tkov\u00e9 p\u00e9\u010de 2016\/2 tematicky zam\u011b\u0159en\u00fdch na lidovou architekturu a&nbsp;vesnice vy\u0161lo n\u011bkolik \u010dl\u00e1nk\u016f z&nbsp;pera spolupracovn\u00edk\u016f SOVPIS. Podrobn\u011bj\u0161\u00ed dokumentace k&nbsp;temat\u016fm v&nbsp;nich prob\u00edran\u00fdch je sou\u010d\u00e1st\u00ed archivu SOVPIS a&nbsp;postupn\u011b ji najdete mezi &hellip; <a href=\"https:\/\/sovamm.cz\/wordpress\/2017\/01\/09\/potencial-hodnotnych-historickych-vesnic\/\" class=\"more-link\">Pokra\u010dov\u00e1n\u00ed textu <span class=\"screen-reader-text\">Potenci\u00e1l hodnotn\u00fdch historick\u00fdch vesnic<\/span> <span class=\"meta-nav\">&rarr;<\/span><\/a><\/p>\n","protected":false},"author":4,"featured_media":955,"comment_status":"open","ping_status":"open","sticky":false,"template":"","format":"standard","meta":{"jetpack_post_was_ever_published":false,"_jetpack_newsletter_access":"","_jetpack_dont_email_post_to_subs":true,"_jetpack_newsletter_tier_id":0,"_jetpack_memberships_contains_paywalled_content":false,"_jetpack_memberships_contains_paid_content":false,"footnotes":""},"categories":[53],"tags":[55,54],"class_list":["post-944","post","type-post","status-publish","format-standard","has-post-thumbnail","hentry","category-publikovano","tag-pamatkova-ochrana","tag-vesnice"],"jetpack_featured_media_url":"https:\/\/i0.wp.com\/sovamm.cz\/wordpress\/wp-content\/uploads\/2017\/01\/04_1408_0110P-e1483988727542.jpg?fit=1038%2C814&ssl=1","jetpack_shortlink":"https:\/\/wp.me\/p8dB8l-fe","jetpack_sharing_enabled":true,"_links":{"self":[{"href":"https:\/\/sovamm.cz\/wordpress\/wp-json\/wp\/v2\/posts\/944","targetHints":{"allow":["GET"]}}],"collection":[{"href":"https:\/\/sovamm.cz\/wordpress\/wp-json\/wp\/v2\/posts"}],"about":[{"href":"https:\/\/sovamm.cz\/wordpress\/wp-json\/wp\/v2\/types\/post"}],"author":[{"embeddable":true,"href":"https:\/\/sovamm.cz\/wordpress\/wp-json\/wp\/v2\/users\/4"}],"replies":[{"embeddable":true,"href":"https:\/\/sovamm.cz\/wordpress\/wp-json\/wp\/v2\/comments?post=944"}],"version-history":[{"count":3,"href":"https:\/\/sovamm.cz\/wordpress\/wp-json\/wp\/v2\/posts\/944\/revisions"}],"predecessor-version":[{"id":7210,"href":"https:\/\/sovamm.cz\/wordpress\/wp-json\/wp\/v2\/posts\/944\/revisions\/7210"}],"wp:featuredmedia":[{"embeddable":true,"href":"https:\/\/sovamm.cz\/wordpress\/wp-json\/wp\/v2\/media\/955"}],"wp:attachment":[{"href":"https:\/\/sovamm.cz\/wordpress\/wp-json\/wp\/v2\/media?parent=944"}],"wp:term":[{"taxonomy":"category","embeddable":true,"href":"https:\/\/sovamm.cz\/wordpress\/wp-json\/wp\/v2\/categories?post=944"},{"taxonomy":"post_tag","embeddable":true,"href":"https:\/\/sovamm.cz\/wordpress\/wp-json\/wp\/v2\/tags?post=944"}],"curies":[{"name":"wp","href":"https:\/\/api.w.org\/{rel}","templated":true}]}}