{"id":5862,"date":"2024-07-17T09:41:52","date_gmt":"2024-07-17T07:41:52","guid":{"rendered":"https:\/\/sovamm.cz\/wordpress\/?p=5862"},"modified":"2024-07-31T16:51:33","modified_gmt":"2024-07-31T14:51:33","slug":"navrh-pz-dolni-kounice","status":"publish","type":"post","link":"https:\/\/sovamm.cz\/wordpress\/2024\/07\/17\/navrh-pz-dolni-kounice\/","title":{"rendered":"N\u00e1vrh PZ&nbsp;Doln\u00ed Kounice"},"content":{"rendered":"<p>To, \u017ee Doln\u00ed Kounice jsou m\u011bstem, jeho\u017e urbanistick\u00e9, architektonick\u00e9 a&nbsp;krajinn\u00e9 hodnoty jsou nesporn\u00e9, v\u00edme u\u017e dlouho. Jsou i&nbsp;m\u011bstem s&nbsp;dlouhou tradic\u00ed p\u011bstov\u00e1n\u00ed v\u00edna, co\u017e dokl\u00e1d\u00e1 i&nbsp;\u0159ada tradi\u010dn\u00edch vinohradn\u00edch staveb, z&nbsp;nich\u017e \u010d\u00e1st je situov\u00e1na v&nbsp;rozlehl\u00e9m hlin\u00edku pod Starou horou na lev\u00e9m b\u0159ehu Jihlavy.<!--more--><\/p>\n<p><a href=\"https:\/\/i0.wp.com\/sovamm.cz\/wordpress\/wp-content\/uploads\/2024\/07\/DSCN8051-scaled-e1721146621909.jpg?ssl=1\" target=\"_blank\" rel=\"noopener\"><img data-recalc-dims=\"1\" loading=\"lazy\" decoding=\"async\" data-attachment-id=\"5860\" data-permalink=\"https:\/\/sovamm.cz\/wordpress\/2024\/07\/17\/navrh-pz-dolni-kounice\/dscn8051\/\" data-orig-file=\"https:\/\/i0.wp.com\/sovamm.cz\/wordpress\/wp-content\/uploads\/2024\/07\/DSCN8051-scaled-e1721146621909.jpg?fit=1038%2C585&amp;ssl=1\" data-orig-size=\"1038,585\" data-comments-opened=\"1\" data-image-meta=\"{&quot;aperture&quot;:&quot;4&quot;,&quot;credit&quot;:&quot;&quot;,&quot;camera&quot;:&quot;COOLPIX B500&quot;,&quot;caption&quot;:&quot;&quot;,&quot;created_timestamp&quot;:&quot;1713708994&quot;,&quot;copyright&quot;:&quot;&quot;,&quot;focal_length&quot;:&quot;10.4&quot;,&quot;iso&quot;:&quot;125&quot;,&quot;shutter_speed&quot;:&quot;0.003125&quot;,&quot;title&quot;:&quot;&quot;,&quot;orientation&quot;:&quot;1&quot;}\" data-image-title=\"DSCN8051\" data-image-description=\"\" data-image-caption=\"\" data-large-file=\"https:\/\/i0.wp.com\/sovamm.cz\/wordpress\/wp-content\/uploads\/2024\/07\/DSCN8051-scaled-e1721146621909.jpg?fit=474%2C267&amp;ssl=1\" class=\"alignnone wp-image-5860 size-large\" src=\"https:\/\/i0.wp.com\/sovamm.cz\/wordpress\/wp-content\/uploads\/2024\/07\/DSCN8051-scaled-e1721146606945-1024x577.jpg?resize=474%2C267&#038;ssl=1\" alt=\"\" width=\"474\" height=\"267\" \/><\/a><\/p>\n<p>Jednou z&nbsp;nich je b\u00fada z&nbsp;roku 1922, jej\u00ed\u017e \u0161t\u00edt zdob\u00ed \u0159ada pr\u016fpov\u00eddek:<\/p>\n<ul>\n<li><em>&#8222;Kdo pracuje, m\u00e1 pr\u00e1vo na \u017eivot a&nbsp;jeho v\u00fdhody&#8220;<\/em><\/li>\n<li><em>&#8222;V\u011bdom\u00ed vykonan\u00e9 povinnosti je z\u00e1kladem-i zdrav\u00e9ho vesel\u00ed.&#8220;<\/em><\/li>\n<li><em>&#8222;Dej n\u00e1m p\u00e1n b\u016fh zdrav\u00ed, v&nbsp;tom kounick\u00e9m kraji; kdy\u017e jsme nejv\u00edc unaven\u00ed, v\u00edne\u010dko to sprav\u00ed.&#8220;<\/em><\/li>\n<li><em>&#8222;Pr\u00e1ci \u010dest a&nbsp;v\u00ednu chv\u00e1la, ob\u00e9 je-li poctiv\u00e9. Kdo do v\u00edna vodu d\u00e1v\u00e1, a\u0165 si je s\u00e1m vypije.&#8220;<\/em><\/li>\n<\/ul>\n<p>Prvn\u00ed dv\u011b jsou rozhodn\u011b inspirativn\u00ed a&nbsp;tak jsme se kone\u010dn\u011b rozhodli p\u0159ipravit n\u00e1vrh na prohl\u00e1\u0161en\u00ed Doln\u00edch Kounic za pam\u00e1tkovou z\u00f3nu.<\/p>\n<p>N\u00e1vrh vych\u00e1z\u00ed z&nbsp;publika\u010dn\u00edho projektu M\u011bsta a&nbsp;m\u011bste\u010dka v&nbsp;\u010cech\u00e1ch, na Morav\u011b a&nbsp;ve Slezsku (Ku\u010da, Karel. M\u011bsta a&nbsp;m\u011bste\u010dka v&nbsp;\u010cech\u00e1ch, na Morav\u011b a&nbsp;ve Slezsku. I. d\u00edl, A-G. 1.&nbsp;vyd. Praha: Libri, 1996. ISBN 80-85983-12-5.) a&nbsp;ze star\u0161\u00edch pr\u016fzkum\u016f \u00fazem\u00ed proveden\u00fdch \u010dleny SOVAMM. Aktualizaci pr\u016fzkum\u016f provedli a&nbsp;n\u00e1vrh na z\u00e1klad\u011b doporu\u010den\u00ed v\u011bdeck\u00e9 rady SOVAMM p\u0159ipravili ing. arch. Karel Ku\u010da, ing. arch. Zuzana Syrov\u00e1 a&nbsp;ing. arch. Ji\u0159\u00ed Syrov\u00fd.<\/p>\n<p>Sezn\u00e1mit se s&nbsp;n\u00e1vrhem, kter\u00fd jsme dnes r\u00e1no odeslali na ministerstvo kultury, m\u016f\u017eete zde:<\/p>\n<ul>\n<li>N\u00e1vrh na prohl\u00e1\u0161en\u00ed \u010d\u00e1sti \u00fazem\u00ed obce Doln\u00ed Kounice,<br \/>\nk. \u00fa. 629286, okres Brno-venkov, kraj Jihomoravsk\u00fd<br \/>\nza pam\u00e1tkovou z\u00f3nu:<\/li>\n<\/ul>\n<a href=\"https:\/\/sovamm.cz\/wordpress\/wp-content\/uploads\/2024\/07\/DolKounice_navrhPZ_W.pdf\" class=\"pdfemb-viewer\" style=\"\" data-width=\"max\" data-height=\"max\" data-toolbar=\"bottom\" data-toolbar-fixed=\"off\">DolKounice_navrhPZ_W<\/a>\n<hr \/>\n<p><em>Mapov\u00e9 p\u0159\u00edlohy, v\u00fdb\u011br fotodokumentace a&nbsp;dokumenty ke sta\u017een\u00ed najdete d\u00e1le na stran\u011b 2 a&nbsp;3.<\/em><\/p>\n<p><!--nextpage--><\/p>\n<p>Mapov\u00e9 p\u0159\u00edlohy:<\/p>\n<a href=\"https:\/\/sovamm.cz\/wordpress\/wp-content\/uploads\/2024\/07\/Dkounice_navrhPZ_mapy_w.pdf\" class=\"pdfemb-viewer\" style=\"\" data-width=\"max\" data-height=\"max\" data-toolbar=\"bottom\" data-toolbar-fixed=\"off\">Dkounice_navrhPZ_mapy_w<\/a>\n<p><a href=\"https:\/\/i0.wp.com\/sovamm.cz\/wordpress\/wp-content\/uploads\/2024\/07\/Dolni-Kounice-Legenda2-e1721199147915.jpg?ssl=1\" target=\"_blank\" rel=\"noopener\"><img data-recalc-dims=\"1\" loading=\"lazy\" decoding=\"async\" data-attachment-id=\"5876\" data-permalink=\"https:\/\/sovamm.cz\/wordpress\/2024\/07\/17\/navrh-pz-dolni-kounice\/dolni-kounice-legenda2\/\" data-orig-file=\"https:\/\/i0.wp.com\/sovamm.cz\/wordpress\/wp-content\/uploads\/2024\/07\/Dolni-Kounice-Legenda2-e1721199147915.jpg?fit=1038%2C938&amp;ssl=1\" data-orig-size=\"1038,938\" data-comments-opened=\"1\" data-image-meta=\"{&quot;aperture&quot;:&quot;0&quot;,&quot;credit&quot;:&quot;&quot;,&quot;camera&quot;:&quot;&quot;,&quot;caption&quot;:&quot;&quot;,&quot;created_timestamp&quot;:&quot;0&quot;,&quot;copyright&quot;:&quot;&quot;,&quot;focal_length&quot;:&quot;0&quot;,&quot;iso&quot;:&quot;0&quot;,&quot;shutter_speed&quot;:&quot;0&quot;,&quot;title&quot;:&quot;&quot;,&quot;orientation&quot;:&quot;1&quot;}\" data-image-title=\"Dolni-Kounice-Legenda2\" data-image-description=\"\" data-image-caption=\"\" data-large-file=\"https:\/\/i0.wp.com\/sovamm.cz\/wordpress\/wp-content\/uploads\/2024\/07\/Dolni-Kounice-Legenda2-e1721199147915.jpg?fit=474%2C429&amp;ssl=1\" class=\"wp-image-5876 size-medium aligncenter\" src=\"https:\/\/i0.wp.com\/sovamm.cz\/wordpress\/wp-content\/uploads\/2024\/07\/Dolni-Kounice-Legenda2.jpg?resize=300%2C271&#038;ssl=1\" alt=\"\" width=\"300\" height=\"271\" \/><\/a><\/p>\n<p><!--nextpage--><\/p>\n<p>V\u00fdb\u011br fotodokumentace:<\/p>\n<a href=\"https:\/\/sovamm.cz\/wordpress\/wp-content\/uploads\/2024\/07\/DolKounice_navrhPZ_foto_vyber_w.pdf\" class=\"pdfemb-viewer\" style=\"\" data-width=\"max\" data-height=\"max\" data-toolbar=\"bottom\" data-toolbar-fixed=\"off\">DolKounice_navrhPZ_foto_vyber_w<\/a>\n<hr \/>\n<ul>\n<li>Dokumenty ke sta\u017een\u00ed:\n<ul>\n<li><a href=\"https:\/\/sovamm.cz\/wordpress\/wp-content\/uploads\/2024\/07\/DolniKounice.pdf\" target=\"_blank\" rel=\"noopener\">Aktualizace textu K. Ku\u010di k&nbsp;Doln\u00edm Kounic\u00edm z&nbsp;publikace M\u011bsta a&nbsp;m\u011bste\u010dka v&nbsp;\u010cech\u00e1ch, na Morav\u011b a\u00a0ve Slezsku<\/a><\/li>\n<li><a href=\"https:\/\/sovamm.cz\/wordpress\/wp-content\/uploads\/2024\/07\/DolKounice_navrhPZ.pdf\" target=\"_blank\" rel=\"noopener\">N\u00e1vrh na prohl\u00e1\u0161en\u00ed \u010d\u00e1sti \u00fazem\u00ed obce Doln\u00ed Kounice,<br \/>\nk. \u00fa. 629286, okres Brno-venkov, kraj Jihomoravsk\u00fd<br \/>\nza pam\u00e1tkovou z\u00f3nu<\/a><\/li>\n<li><a href=\"https:\/\/sovamm.cz\/wordpress\/wp-content\/uploads\/2024\/07\/Dkounice_navrhPZ_mapy_R.pdf\" target=\"_blank\" rel=\"noopener\">Mapov\u00e9 p\u0159\u00edlohy v&nbsp;m\u011b\u0159. 1&nbsp;:&nbsp;5&nbsp;000 &#8211; 1&nbsp;:&nbsp;2&nbsp;880<\/a><\/li>\n<li><a href=\"https:\/\/sovamm.cz\/wordpress\/wp-content\/uploads\/2024\/07\/DolKounice_navrhPZ_foto_vyber_R.pdf\" target=\"_blank\" rel=\"noopener\">V\u00fdb\u011br fotodokumentace<\/a><\/li>\n<\/ul>\n<\/li>\n<li><a href=\"https:\/\/iispp.npu.cz\/mis_public\/searchDocument.htm?search=lokalita%3A+2725+AND+fond%3A+Archiv+SOVAMM\" target=\"_blank\" rel=\"noopener\">Fotodokumentace v&nbsp;MIS<\/a><\/li>\n<\/ul>\n<p>N\u00e1vrh zpracovali <a href=\"https:\/\/sovamm.cz\/wordpress\/sovpis\/autori\/karel-kuca\/\">K. Ku\u010da<\/a> (textov\u00e1 \u010d\u00e1st), <a href=\"https:\/\/sovamm.cz\/wordpress\/sovpis\/autori\/zuzana-syrova-anyzova\/\">Z. Syrov\u00e1-An\u00fd\u017eov\u00e1<\/a> (mapov\u00e9 p\u0159\u00edlohy a&nbsp;fotodokumentace), <a href=\"https:\/\/sovamm.cz\/wordpress\/sovpis\/autori\/jiri-syrovy\/\" target=\"_blank\" rel=\"noopener\">J. Syrov\u00fd<\/a> (fotodokumentace).<\/p>\n<ul>\n<li><em>Ilustra\u010dn\u00ed sn\u00edmky Zuzana Syrov\u00e1 2024 (<a href=\"https:\/\/archiv.sovamm.cz\/photo\/?t=Albums\/album_534f56504953\/album_534f565049532f435a45\/album_534f565049532f435a452f446f6c6e692d4b6f756e6963655f3032373235#Albums\/album_534f56504953\/album_534f565049532f435a45\/album_534f565049532f435a452f446f6c6e692d4b6f756e6963655f3032373235\" target=\"_blank\" rel=\"noopener\">SOVPIS<\/a>).<\/em><\/li>\n<\/ul>\n","protected":false},"excerpt":{"rendered":"<p>To, \u017ee Doln\u00ed Kounice jsou m\u011bstem, jeho\u017e urbanistick\u00e9, architektonick\u00e9 a&nbsp;krajinn\u00e9 hodnoty jsou nesporn\u00e9, v\u00edme u\u017e dlouho. Jsou i&nbsp;m\u011bstem s&nbsp;dlouhou tradic\u00ed p\u011bstov\u00e1n\u00ed v\u00edna, co\u017e dokl\u00e1d\u00e1 i&nbsp;\u0159ada tradi\u010dn\u00edch vinohradn\u00edch staveb, z&nbsp;nich\u017e \u010d\u00e1st &hellip; <a href=\"https:\/\/sovamm.cz\/wordpress\/2024\/07\/17\/navrh-pz-dolni-kounice\/\" class=\"more-link\">Pokra\u010dov\u00e1n\u00ed textu <span class=\"screen-reader-text\">N\u00e1vrh PZ&nbsp;Doln\u00ed Kounice<\/span> <span class=\"meta-nav\">&rarr;<\/span><\/a><\/p>\n","protected":false},"author":2,"featured_media":5861,"comment_status":"open","ping_status":"open","sticky":false,"template":"","format":"standard","meta":{"jetpack_post_was_ever_published":false,"_jetpack_newsletter_access":"","_jetpack_dont_email_post_to_subs":false,"_jetpack_newsletter_tier_id":0,"_jetpack_memberships_contains_paywalled_content":false,"_jetpack_memberships_contains_paid_content":false,"footnotes":""},"categories":[12,59],"tags":[398,62],"class_list":["post-5862","post","type-post","status-publish","format-standard","has-post-thumbnail","hentry","category-sovamm","category-zpravy","tag-dolni-kounice","tag-navrh-pz"],"jetpack_featured_media_url":"https:\/\/i0.wp.com\/sovamm.cz\/wordpress\/wp-content\/uploads\/2024\/07\/DSCN8309-scaled-e1721146522316.jpg?fit=1038%2C779&ssl=1","jetpack_shortlink":"https:\/\/wp.me\/p8dB8l-1wy","jetpack_sharing_enabled":true,"_links":{"self":[{"href":"https:\/\/sovamm.cz\/wordpress\/wp-json\/wp\/v2\/posts\/5862","targetHints":{"allow":["GET"]}}],"collection":[{"href":"https:\/\/sovamm.cz\/wordpress\/wp-json\/wp\/v2\/posts"}],"about":[{"href":"https:\/\/sovamm.cz\/wordpress\/wp-json\/wp\/v2\/types\/post"}],"author":[{"embeddable":true,"href":"https:\/\/sovamm.cz\/wordpress\/wp-json\/wp\/v2\/users\/2"}],"replies":[{"embeddable":true,"href":"https:\/\/sovamm.cz\/wordpress\/wp-json\/wp\/v2\/comments?post=5862"}],"version-history":[{"count":16,"href":"https:\/\/sovamm.cz\/wordpress\/wp-json\/wp\/v2\/posts\/5862\/revisions"}],"predecessor-version":[{"id":5902,"href":"https:\/\/sovamm.cz\/wordpress\/wp-json\/wp\/v2\/posts\/5862\/revisions\/5902"}],"wp:featuredmedia":[{"embeddable":true,"href":"https:\/\/sovamm.cz\/wordpress\/wp-json\/wp\/v2\/media\/5861"}],"wp:attachment":[{"href":"https:\/\/sovamm.cz\/wordpress\/wp-json\/wp\/v2\/media?parent=5862"}],"wp:term":[{"taxonomy":"category","embeddable":true,"href":"https:\/\/sovamm.cz\/wordpress\/wp-json\/wp\/v2\/categories?post=5862"},{"taxonomy":"post_tag","embeddable":true,"href":"https:\/\/sovamm.cz\/wordpress\/wp-json\/wp\/v2\/tags?post=5862"}],"curies":[{"name":"wp","href":"https:\/\/api.w.org\/{rel}","templated":true}]}}