{"id":2899,"date":"2019-12-25T00:01:29","date_gmt":"2019-12-24T23:01:29","guid":{"rendered":"https:\/\/www.sovamm.cz\/wordpress\/?p=2899"},"modified":"2025-11-11T08:07:27","modified_gmt":"2025-11-11T07:07:27","slug":"betlem","status":"publish","type":"post","link":"https:\/\/sovamm.cz\/wordpress\/2019\/12\/25\/betlem\/","title":{"rendered":"00391 Betl\u00e9m"},"content":{"rendered":"<p>Ka\u017ed\u00fdm rokem touto dobou se vyd\u00e1v\u00e1me do n\u011bkter\u00e9ho z&nbsp;Betl\u00e9m\u016f. Letos jsme vybrali ten s&nbsp;k\u00f3dem CZ_Retro 391.<!--more--><\/p>\n<p>Historick\u00e1 osada <strong>00391 Betl\u00e9m \/ \u017damberk \/ ves<\/strong> v&nbsp;<a href=\"https:\/\/geoportal.npu.cz\/webappbuilder\/apps\/38\/?se=Lokality&amp;la=1&amp;fk0=KOD_CZ&amp;fv0=391&amp;zo=1\" target=\"_blank\" rel=\"noopener noreferrer\">mapov\u00e9 aplikaci CZ Retro <\/a>geoport\u00e1lu pam\u00e1tkov\u00e9 p\u00e9\u010de na polohopisn\u00e9m podkladu 2.&nbsp;vojensk\u00e9ho mapov\u00e1n\u00ed vyhl\u00ed\u017e\u00ed takto:<img data-recalc-dims=\"1\" loading=\"lazy\" decoding=\"async\" data-attachment-id=\"2906\" data-permalink=\"https:\/\/sovamm.cz\/wordpress\/2019\/12\/25\/betlem\/betlem391\/\" data-orig-file=\"https:\/\/i0.wp.com\/sovamm.cz\/wordpress\/wp-content\/uploads\/2020\/12\/Betlem391.jpg?fit=1602%2C807&amp;ssl=1\" data-orig-size=\"1602,807\" data-comments-opened=\"1\" data-image-meta=\"{&quot;aperture&quot;:&quot;0&quot;,&quot;credit&quot;:&quot;&quot;,&quot;camera&quot;:&quot;&quot;,&quot;caption&quot;:&quot;&quot;,&quot;created_timestamp&quot;:&quot;0&quot;,&quot;copyright&quot;:&quot;&quot;,&quot;focal_length&quot;:&quot;0&quot;,&quot;iso&quot;:&quot;0&quot;,&quot;shutter_speed&quot;:&quot;0&quot;,&quot;title&quot;:&quot;&quot;,&quot;orientation&quot;:&quot;1&quot;}\" data-image-title=\"Betlem391\" data-image-description=\"\" data-image-caption=\"\" data-large-file=\"https:\/\/i0.wp.com\/sovamm.cz\/wordpress\/wp-content\/uploads\/2020\/12\/Betlem391.jpg?fit=474%2C239&amp;ssl=1\" class=\"wp-image-2906 size-large aligncenter\" src=\"https:\/\/i0.wp.com\/sovamm.cz\/wordpress\/wp-content\/uploads\/2020\/12\/Betlem391.jpg?resize=474%2C239&#038;ssl=1\" alt=\"\" width=\"474\" height=\"239\" srcset=\"https:\/\/i0.wp.com\/sovamm.cz\/wordpress\/wp-content\/uploads\/2020\/12\/Betlem391.jpg?resize=1024%2C516&amp;ssl=1 1024w, https:\/\/i0.wp.com\/sovamm.cz\/wordpress\/wp-content\/uploads\/2020\/12\/Betlem391.jpg?resize=300%2C151&amp;ssl=1 300w, https:\/\/i0.wp.com\/sovamm.cz\/wordpress\/wp-content\/uploads\/2020\/12\/Betlem391.jpg?resize=768%2C387&amp;ssl=1 768w, https:\/\/i0.wp.com\/sovamm.cz\/wordpress\/wp-content\/uploads\/2020\/12\/Betlem391.jpg?resize=133%2C67&amp;ssl=1 133w, https:\/\/i0.wp.com\/sovamm.cz\/wordpress\/wp-content\/uploads\/2020\/12\/Betlem391.jpg?w=1602&amp;ssl=1 1602w, https:\/\/i0.wp.com\/sovamm.cz\/wordpress\/wp-content\/uploads\/2020\/12\/Betlem391.jpg?w=948&amp;ssl=1 948w, https:\/\/i0.wp.com\/sovamm.cz\/wordpress\/wp-content\/uploads\/2020\/12\/Betlem391.jpg?w=1422&amp;ssl=1 1422w\" sizes=\"auto, (max-width: 474px) 100vw, 474px\" \/><\/p>\n<p>V tomto Betl\u00e9m\u011b se sice nenarodil Je\u017e\u00ed\u0161ek, py\u0161n\u00ed se v\u0161ak \u00fadajn\u00fdm, rodn\u00fdm domem Prokopa Divi\u0161e. vlastn\u00edm jm\u00e9nem V\u00e1clava Div\u00ed\u0161ka (26.\u00a0b\u0159ezna 1698 Helv\u00edkovice u&nbsp;\u017damberka \u2013 21.&nbsp;prosince 1765 P\u0159\u00edm\u011btice u&nbsp;Znojma). V&nbsp;<a href=\"https:\/\/iispp.npu.cz\/mis_public\/searchDocument.htm?binding=0&amp;search=lokalita%3A391\" target=\"_blank\" rel=\"noopener noreferrer\">MIS<\/a> z&nbsp;tohoto Betl\u00e9ma najdete i&nbsp;n\u011bkolik sn\u00edmk\u016f jednoho z&nbsp;autor\u016f, vlastn\u011b autorek, p\u0159isp\u00edvaj\u00edc\u00edch do SOVPIS, <a href=\"https:\/\/www.sovamm.cz\/wordpress\/autori\/zuzana-varekova\/\">Zuzany Str\u00e1nsk\u00e9 &#8211; Va\u0159ekov\u00e9<\/a>:<\/p>\n<p><img data-recalc-dims=\"1\" loading=\"lazy\" decoding=\"async\" data-attachment-id=\"2897\" data-permalink=\"https:\/\/sovamm.cz\/wordpress\/2019\/12\/25\/betlem\/%c2%8eamberk-betlem-e-p-326-rodny-dum-prokopa-divi%c2%9ae\/\" data-orig-file=\"https:\/\/i0.wp.com\/sovamm.cz\/wordpress\/wp-content\/uploads\/2019\/12\/E0010894_uprav-e1577178438765.jpg?fit=1038%2C779&amp;ssl=1\" data-orig-size=\"1038,779\" data-comments-opened=\"1\" data-image-meta=\"{&quot;aperture&quot;:&quot;4&quot;,&quot;credit&quot;:&quot;Str\\u00e1nsk\\u00e1-Va\\u00f8ekov\\u00e1 Zuzana&quot;,&quot;camera&quot;:&quot;DMC-TZ30&quot;,&quot;caption&quot;:&quot;\\u008eamberk, Betl\\u00e9m \\u00e8.p.326 - rodn\\u00fd d\\u00f9m Prokopa Divi\\u009ae&quot;,&quot;created_timestamp&quot;:&quot;1382531138&quot;,&quot;copyright&quot;:&quot;Soubor poch\\u00e1z\\u00ed z MIS NP\\u00da.; Licence: ochranu d\\u00edla stanovuje obecn\\u00ec autorsk\\u00fd z\\u00e1kon&quot;,&quot;focal_length&quot;:&quot;4.3&quot;,&quot;iso&quot;:&quot;100&quot;,&quot;shutter_speed&quot;:&quot;0.004&quot;,&quot;title&quot;:&quot;\\u008eamberk, Betl\\u00e9m \\u00e8.p.326 - rodn\\u00fd d\\u00f9m Prokopa Divi\\u009ae&quot;,&quot;orientation&quot;:&quot;1&quot;}\" data-image-title=\"\" data-image-description=\"\" data-image-caption=\"\" data-large-file=\"https:\/\/i0.wp.com\/sovamm.cz\/wordpress\/wp-content\/uploads\/2019\/12\/E0010894_uprav-e1577178438765.jpg?fit=474%2C356&amp;ssl=1\" class=\"wp-image-2897 size-large aligncenter\" src=\"https:\/\/i0.wp.com\/sovamm.cz\/wordpress\/wp-content\/uploads\/2019\/12\/E0010894_uprav.jpg?resize=474%2C356&#038;ssl=1\" alt=\"\" width=\"474\" height=\"356\" \/><\/p>\n<p>D\u016fm vyn\u00e1lezce bleskosvodu Prokopa Divi\u0161e, v\u00a0 n\u011bm\u017e je mal\u00e9 <a href=\"https:\/\/www.muzeumzamberk.cz\/web\/cs\/navstevni-mista\/domek-prokopa-divise-2-8.html\" target=\"_blank\" rel=\"noopener noreferrer\">muzeum<\/a>, bude mo\u017eno nav\u0161t\u00edvit a\u017e v&nbsp;sez\u00f3n\u011b, tedy od kv\u011btna do z\u00e1\u0159\u00ed. Do t\u00e9 doby si ale o&nbsp;n\u011bm m\u016f\u017eete poslechnout <a href=\"https:\/\/pardubice.rozhlas.cz\/domek-prokopa-divise-6045918\" target=\"_blank\" rel=\"noopener noreferrer\">report\u00e1\u017e pardubick\u00e9ho rozhlasu z&nbsp;roku 2015<\/a>, v&nbsp;n\u00ed\u017e byl pr\u016fvodcem dal\u0161\u00ed p\u0159isp\u011bvatel SOVPIS a&nbsp;viceprezisent SOVAMM <a href=\"https:\/\/www.sovamm.cz\/wordpress\/autori\/radim-urbanek\/\">Radim Urb\u00e1nek<\/a>.<\/p>\n","protected":false},"excerpt":{"rendered":"<p>Ka\u017ed\u00fdm rokem touto dobou se vyd\u00e1v\u00e1me do n\u011bkter\u00e9ho z&nbsp;Betl\u00e9m\u016f. Letos jsme vybrali ten s&nbsp;k\u00f3dem CZ_Retro 391.<\/p>\n","protected":false},"author":2,"featured_media":2898,"comment_status":"open","ping_status":"open","sticky":false,"template":"","format":"standard","meta":{"jetpack_post_was_ever_published":false,"_jetpack_newsletter_access":"","_jetpack_dont_email_post_to_subs":false,"_jetpack_newsletter_tier_id":0,"_jetpack_memberships_contains_paywalled_content":false,"_jetpack_memberships_contains_paid_content":false,"footnotes":""},"categories":[15,13,14,11],"tags":[63],"class_list":["post-2899","post","type-post","status-publish","format-standard","has-post-thumbnail","hentry","category-geoportal-pamatkove-pece","category-iispp","category-mis","category-sovpis","tag-betlem"],"jetpack_featured_media_url":"https:\/\/i0.wp.com\/sovamm.cz\/wordpress\/wp-content\/uploads\/2019\/12\/E0010896_uprav-e1577178397642.jpg?fit=1038%2C782&ssl=1","jetpack_shortlink":"https:\/\/wp.me\/s8dB8l-betlem","jetpack_sharing_enabled":true,"_links":{"self":[{"href":"https:\/\/sovamm.cz\/wordpress\/wp-json\/wp\/v2\/posts\/2899","targetHints":{"allow":["GET"]}}],"collection":[{"href":"https:\/\/sovamm.cz\/wordpress\/wp-json\/wp\/v2\/posts"}],"about":[{"href":"https:\/\/sovamm.cz\/wordpress\/wp-json\/wp\/v2\/types\/post"}],"author":[{"embeddable":true,"href":"https:\/\/sovamm.cz\/wordpress\/wp-json\/wp\/v2\/users\/2"}],"replies":[{"embeddable":true,"href":"https:\/\/sovamm.cz\/wordpress\/wp-json\/wp\/v2\/comments?post=2899"}],"version-history":[{"count":17,"href":"https:\/\/sovamm.cz\/wordpress\/wp-json\/wp\/v2\/posts\/2899\/revisions"}],"predecessor-version":[{"id":7208,"href":"https:\/\/sovamm.cz\/wordpress\/wp-json\/wp\/v2\/posts\/2899\/revisions\/7208"}],"wp:featuredmedia":[{"embeddable":true,"href":"https:\/\/sovamm.cz\/wordpress\/wp-json\/wp\/v2\/media\/2898"}],"wp:attachment":[{"href":"https:\/\/sovamm.cz\/wordpress\/wp-json\/wp\/v2\/media?parent=2899"}],"wp:term":[{"taxonomy":"category","embeddable":true,"href":"https:\/\/sovamm.cz\/wordpress\/wp-json\/wp\/v2\/categories?post=2899"},{"taxonomy":"post_tag","embeddable":true,"href":"https:\/\/sovamm.cz\/wordpress\/wp-json\/wp\/v2\/tags?post=2899"}],"curies":[{"name":"wp","href":"https:\/\/api.w.org\/{rel}","templated":true}]}}