{"id":1180,"date":"2017-03-13T20:46:07","date_gmt":"2017-03-13T19:46:07","guid":{"rendered":"http:\/\/sovamm.cz\/wordpress\/?p=1180"},"modified":"2024-08-11T10:59:45","modified_gmt":"2024-08-11T08:59:45","slug":"mravin-navrh-vpz","status":"publish","type":"post","link":"https:\/\/sovamm.cz\/wordpress\/2017\/03\/13\/mravin-navrh-vpz\/","title":{"rendered":"Mrav\u00edn &#8211; n\u00e1vrh VPZ"},"content":{"rendered":"<p>Vesni\u010dka Mrav\u00edn (okr. Chrudim) situovan\u00e1 ve v\u00fdchodn\u00edch \u010cech\u00e1ch cca 7 km od Vysok\u00e9ho M\u00fdta m\u016f\u017ee b\u00fdt z\u00e1jemc\u016fm o&nbsp;vesnick\u00e9 stavitelstv\u00ed ji\u017e zn\u00e1m\u00e1. V\u00a0roce 2012 zde byl zpracov\u00e1n plo\u0161n\u00fd pr\u016fzkum vesnice, kter\u00fd byl publikov\u00e1n v&nbsp;\u010dasopise Pr\u016fzkumy pam\u00e1tek (II\/2013, s. 67-82). SOVAMM po&nbsp;zral\u00e9 \u00favaze podal v\u00a0lednu 2017 n\u00e1vrh na prohl\u00e1\u0161en\u00ed vesnice Mrav\u00edn za VPZ, nebo\u0165 se nyn\u00ed m\u016f\u017ee zd\u00e1t, \u017ee se vesnick\u00fdm pam\u00e1tkov\u00fdm z\u00f3n\u00e1m bl\u00fdsk\u00e1 na lep\u0161\u00ed \u010dasy d\u00edky prohl\u00e1\u0161en\u00ed nov\u00fdch VPZ (Ka\u010derov v\u00a0roce 2016 a&nbsp;Pavlovice v\u00a0roce 2017).<\/p>\n<p>Pokus\u00edme se zde ve stru\u010dnosti shrnout a&nbsp;uk\u00e1zat hodnoty t\u00e9to vesnice, kter\u00e9 vedly k\u00a0pod\u00e1n\u00ed n\u00e1vrhu.<!--more--> Mrav\u00edn p\u0159edstavuje kvalitn\u011b dochovan\u00fd s\u00eddli\u0161tn\u00ed \u00fatvar reprezentuj\u00edc\u00ed men\u0161\u00ed zem\u011bd\u011blskou vesnici n\u00e1vesn\u00edho typu v\u00a0dochovan\u00e9 podob\u011b z\u00a019.&nbsp;stolet\u00ed. Vesnici z\u016fstala cenn\u00e1 sev\u0159enost bez rozdrobenosti zastav\u011bn\u00ed do krajiny s\u00a0kvalitn\u00edm dochovan\u00fdm krajinn\u00fdm r\u00e1mce, s\u00a0voln\u00fdmi zem\u011bd\u011blsk\u00fdmi plochami, s&nbsp;navazuj\u00edc\u00edmi zahradami, sady a&nbsp;s\u00edt\u00ed cest. Stavebn\u00ed fond vesnice reprezentuje \u0159ada zd\u011bn\u00fdch budov poch\u00e1zej\u00edc\u00edch p\u0159ev\u00e1\u017en\u011b z\u00a0devaten\u00e1ct\u00e9ho stolet\u00ed. Z\u00e1stavba vesnice nep\u0159edstavuje v\u00fdjime\u010dn\u00e9 stavby, ale b\u011b\u017en\u00e9 hmotov\u011b tradi\u010dn\u00ed objekty, kter\u00e9 v\u00a0n\u00e1vaznosti na dochovan\u00fd p\u016fdorys vesnice vytv\u00e1\u0159ej\u00ed kvalitn\u00ed a&nbsp;hodnotn\u00e9 vesnick\u00e9 prost\u0159ed\u00ed. Prost\u0159ed\u00ed, kter\u00e9 n\u00e1m v\u00a0posledn\u00edch letech nen\u00e1vratn\u011b miz\u00ed.<\/p>\n<p>Poz\u016fstatkem st\u0159edov\u011bk\u00e9ho vysazen\u00ed vesnice je p\u016fdorys a&nbsp;tvar n\u00e1vesn\u00edho j\u00e1dra, kter\u00fd z\u016fstal v\u00a0nezm\u011bn\u011bn\u00e9 podob\u011b zachov\u00e1n dodnes. Uprost\u0159ed n\u00e1vsi le\u017e\u00ed vodn\u00ed n\u00e1dr\u017e vyzd\u011bnou z\u00a0p\u00edskovcov\u00fdch kv\u00e1dr\u016f, jej\u00ed\u017e dne\u0161n\u00ed tvar je toto\u017en\u00fd s\u00a0tvarem zachycen\u00fdm na map\u011b stabiln\u00edho katastru. P\u016fdorys vesnice tvo\u0159\u00ed n\u00e1ves obd\u00e9ln\u00edkov\u00e9ho tvaru s&nbsp;usedlostmi uspo\u0159\u00e1dan\u00fdmi po&nbsp;obvodu severn\u00ed, ji\u017en\u00ed a&nbsp;v\u00fdchodn\u00ed strany n\u00e1vsi a&nbsp;na z\u00e1padn\u00ed stran\u011b s\u00a0domk\u00e1\u0159skou z\u00e1stavbou. Rozlo\u017een\u00ed usedlost\u00ed zachov\u00e1v\u00e1 p\u0159edb\u011blohorskou strukturu s\u00eddla, kterou potvrdil proveden\u00fd archivn\u00ed pr\u016fzkum. Oproti obecn\u00e9mu v\u00fdvoji \u010desk\u00fdch vesnic ve 20.&nbsp;a&nbsp;21.&nbsp;stolet\u00ed nedo\u0161lo v\u00a0Mrav\u00edn\u011b k\u00a0nevhodn\u00e9 v\u00fdstavb\u011b nebo k\u00a0plo\u0161n\u00fdm demolic\u00edm, kter\u00e9 by naru\u0161ily historickou strukturu vesnice. Velk\u00e1 \u010d\u00e1st z\u00e1stavby je v\u00a0sou\u010dasnosti dochov\u00e1na v&nbsp;autentick\u00e9m stavu a&nbsp;d\u00edl\u010d\u00ed nevhodn\u00e9 z\u00e1sahy lze pova\u017eovat za rehabilitovateln\u00e9.<\/p>\n<p>K\u00a0charakteristick\u00fdm rys\u016fm z\u00e1stavby pat\u0159\u00ed hmota dom\u016f, kde domy jsou \u0159e\u0161eny jako zd\u011bn\u00e9, p\u0159\u00edzemn\u00ed stavby s&nbsp;tradi\u010dn\u00ed sedlovou st\u0159echou, situovan\u00e9 ve \u0161t\u00edtov\u00e9 orientaci. Charakteristick\u00e9 je zde materi\u00e1lov\u00e9 \u0159e\u0161en\u00ed staveb, kde u&nbsp;zdiva dominuje m\u00edstn\u00ed opuka a&nbsp;u&nbsp;st\u0159e\u0161n\u00edch krytin p\u00e1len\u00e1 ta\u0161ka, nej\u010dast\u011bji bobrovka, co\u017e je d\u00e1no bl\u00edzkost\u00ed Vysok\u00e9ho M\u00fdta a&nbsp;zdej\u0161\u00edch cihelen. Ve vesnici z\u016fstaly zachov\u00e1ny z\u00e1humenicov\u00e9 zahrady a&nbsp;ovocn\u00e9 sady navazuj\u00edc\u00ed na usedlosti v\u00a0rozsahu zachycen\u00e9m mapou stabiln\u00edho katastru. Tak\u00e9 s\u00ed\u0165 cest zaznamenan\u00fdch ji\u017e mapou prvn\u00edho vojensk\u00e9ho mapov\u00e1n\u00ed do dne\u0161n\u00edch dn\u016f se zachovala t\u00e9m\u011b\u0159 beze zm\u011bn, v\u010detn\u011b materi\u00e1lov\u00e9ho \u0159e\u0161en\u00ed n\u011bkter\u00fdch \u010d\u00e1st\u00ed cest v&nbsp;intravil\u00e1nu (dochovan\u00e9 \u0161t\u011btov\u00e1n\u00ed \u00favozov\u00fdch cest, dl\u00e1\u017ed\u011bn\u00ed cest na n\u00e1vsi \u017eulovou kostkou z\u00a0po\u010d. 20.&nbsp;stolet\u00ed).<\/p>\n<p>Polo\u017een\u00ed vesnice na \u00fapat\u00ed vrchu Hradisko a&nbsp;Vraclavsk\u00e9ho h\u0159betu zaji\u0161\u0165uje kvalitn\u00ed d\u00e1lkov\u00e9 pohledy na samotnou vesnici a&nbsp;i&nbsp;z\u00a0n\u00ed. P\u0159i&nbsp;d\u00e1lkov\u00fdch pohledech na Mrav\u00edn od jihu a&nbsp;z\u00e1padu se ukazuje hmotov\u00e1 gradace staveb korunovan\u00fdch malebnou st\u0159e\u0161n\u00ed krajinou. D\u00e1lkov\u00e9 pohledy z\u00a0vrchu Hradisko ji\u017en\u00edm a&nbsp;z\u00e1padn\u00edm sm\u011brem nab\u00edzej\u00ed prohl\u00eddku vesnick\u00e9 krajiny bez novodob\u00e9 naru\u0161uj\u00edc\u00ed z\u00e1stavby s\u00a0vystupuj\u00edc\u00ed dominantou poutn\u00edho kostela v\u00a0Lu\u017ei.<\/p>\n<p>\u010c\u00e1st obyvatel ve vesnici si hodnoty sv\u00e9ho s\u00eddla uv\u011bdomuje a&nbsp;sna\u017e\u00ed se o&nbsp;jeho zachov\u00e1n\u00ed. A\u0165 n\u00e1vrh na prohl\u00e1\u0161en\u00ed VPZ bude posouzen jakkoliv, p\u0159ejeme Mrav\u00ednu mnoho zdaru v\u00a0jeho dal\u0161\u00edm v\u00fdvoji a&nbsp;ve snaze o&nbsp;zachov\u00e1n\u00ed kvalitn\u00edho vesnick\u00e9ho prost\u0159ed\u00ed!<\/p>\n<p><img decoding=\"async\" class=\"aligncenter\" title=\"20120724_VaZ_dig_IMG_6992\" src=\"https:\/\/archiv.sovamm.cz\/photo\/webapi\/thumb.php?api=SYNO.PhotoStation.Thumb&amp;method=get&amp;version=1&amp;size=small&amp;id=photo_534f565049532f435a452f4d726176696e5f3130303439_32303132303732345f56615a5f6469675f494d475f363939322e4a5047&amp;thumb_sig=2f766f6c756d65312f70686f746f2f534f565049532f435a452f4d726176696e5f31303034392f32303132303732345f56615a5f6469675f494d475f363939322e4a5047&amp;mtime=1485120766&amp;SynoToken=sdj36i5n00kfbgonu7cvejac87\" alt=\"20120724_VaZ_dig_IMG_6992\" \/><\/p>\n<p><img loading=\"lazy\" decoding=\"async\" class=\"aligncenter\" title=\"20110605_VaZ_dig_P1180619\" src=\"https:\/\/archiv.sovamm.cz\/photo\/webapi\/thumb.php?api=SYNO.PhotoStation.Thumb&amp;method=get&amp;version=1&amp;size=small&amp;id=photo_534f565049532f435a452f4d726176696e5f3130303439_32303131303630355f56615a5f6469675f50313138303631392e4a5047&amp;thumb_sig=2f766f6c756d65312f70686f746f2f534f565049532f435a452f4d726176696e5f31303034392f32303131303630355f56615a5f6469675f50313138303631392e4a5047&amp;mtime=1485120760&amp;SynoToken=sdj36i5n00kfbgonu7cvejac87\" alt=\"20110605_VaZ_dig_P1180619\" width=\"569\" height=\"320\" \/><\/p>\n<p><img loading=\"lazy\" decoding=\"async\" class=\"aligncenter\" title=\"20121108_VaZ_dig_IMG_6997\" src=\"https:\/\/archiv.sovamm.cz\/photo\/webapi\/thumb.php?api=SYNO.PhotoStation.Thumb&amp;method=get&amp;version=1&amp;size=small&amp;id=photo_534f565049532f435a452f4d726176696e5f3130303439_32303132313130385f56615a5f6469675f494d475f363939372e4a5047&amp;thumb_sig=2f766f6c756d65312f70686f746f2f534f565049532f435a452f4d726176696e5f31303034392f32303132313130385f56615a5f6469675f494d475f363939372e4a5047&amp;mtime=1485120775&amp;SynoToken=sdj36i5n00kfbgonu7cvejac87\" alt=\"20121108_VaZ_dig_IMG_6997\" width=\"320\" height=\"427\" \/><\/p>\n<p><a href=\"https:\/\/i0.wp.com\/sovamm.cz\/wordpress\/wp-content\/uploads\/2017\/03\/P1130237.jpg?ssl=1\"><img data-recalc-dims=\"1\" loading=\"lazy\" decoding=\"async\" data-attachment-id=\"1523\" data-permalink=\"https:\/\/sovamm.cz\/wordpress\/2017\/03\/13\/mravin-navrh-vpz\/p1130237\/\" data-orig-file=\"https:\/\/i0.wp.com\/sovamm.cz\/wordpress\/wp-content\/uploads\/2017\/03\/P1130237-e1502818998111.jpg?fit=1038%2C779&amp;ssl=1\" data-orig-size=\"1038,779\" data-comments-opened=\"1\" data-image-meta=\"{&quot;aperture&quot;:&quot;6.3&quot;,&quot;credit&quot;:&quot;&quot;,&quot;camera&quot;:&quot;DMC-TZ30&quot;,&quot;caption&quot;:&quot;&quot;,&quot;created_timestamp&quot;:&quot;1487164968&quot;,&quot;copyright&quot;:&quot;&quot;,&quot;focal_length&quot;:&quot;4.3&quot;,&quot;iso&quot;:&quot;400&quot;,&quot;shutter_speed&quot;:&quot;0.000625&quot;,&quot;title&quot;:&quot;&quot;,&quot;orientation&quot;:&quot;1&quot;}\" data-image-title=\"P1130237\" data-image-description=\"\" data-image-caption=\"\" data-large-file=\"https:\/\/i0.wp.com\/sovamm.cz\/wordpress\/wp-content\/uploads\/2017\/03\/P1130237-e1502818998111.jpg?fit=474%2C356&amp;ssl=1\" class=\"aligncenter wp-image-1523\" src=\"https:\/\/i0.wp.com\/sovamm.cz\/wordpress\/wp-content\/uploads\/2017\/03\/P1130237.jpg?resize=322%2C241&#038;ssl=1\" width=\"322\" height=\"241\" \/><\/a><\/p>\n<p><img decoding=\"async\" class=\"aligncenter\" title=\"srovn\u00e1n\u00ed z\u00e1stavby 30.l\u00e9ta a 2011\" src=\"https:\/\/archiv.sovamm.cz\/photo\/webapi\/thumb.php?api=SYNO.PhotoStation.Thumb&amp;method=get&amp;version=1&amp;size=small&amp;id=photo_534f565049532f435a452f4d726176696e5f3130303439_73726f766ec3a16ec3ad207ac3a17374617662792033302e6cc3a97461206120323031312e6a7067&amp;thumb_sig=2f766f6c756d65312f70686f746f2f534f565049532f435a452f4d726176696e5f31303034392f73726f766ec3a16ec3ad207ac3a17374617662792033302e6cc3a97461206120323031312e6a7067&amp;mtime=1485120789&amp;SynoToken=sdj36i5n00kfbgonu7cvejac87\" alt=\"srovn\u00e1n\u00ed z\u00e1stavby 30.l\u00e9ta a 2011\" \/><\/p>\n<p style=\"text-align: center;\"><em>srovn\u00e1n\u00ed z\u00e1stavby 30.l\u00e9ta a&nbsp;2011<\/em><\/p>\n<p style=\"text-align: center;\"><img data-recalc-dims=\"1\" loading=\"lazy\" decoding=\"async\" data-attachment-id=\"1443\" data-permalink=\"https:\/\/sovamm.cz\/wordpress\/2017\/03\/13\/mravin-navrh-vpz\/2017_mravin_hranice\/\" data-orig-file=\"https:\/\/i0.wp.com\/sovamm.cz\/wordpress\/wp-content\/uploads\/2017\/02\/2017_Mravin_hranice.jpg?fit=3509%2C2478&amp;ssl=1\" data-orig-size=\"3509,2478\" data-comments-opened=\"1\" data-image-meta=\"{&quot;aperture&quot;:&quot;0&quot;,&quot;credit&quot;:&quot;&quot;,&quot;camera&quot;:&quot;&quot;,&quot;caption&quot;:&quot;&quot;,&quot;created_timestamp&quot;:&quot;0&quot;,&quot;copyright&quot;:&quot;&quot;,&quot;focal_length&quot;:&quot;0&quot;,&quot;iso&quot;:&quot;0&quot;,&quot;shutter_speed&quot;:&quot;0&quot;,&quot;title&quot;:&quot;&quot;,&quot;orientation&quot;:&quot;0&quot;}\" data-image-title=\"2017_mravin_hranice\" data-image-description=\"\" data-image-caption=\"\" data-large-file=\"https:\/\/i0.wp.com\/sovamm.cz\/wordpress\/wp-content\/uploads\/2017\/02\/2017_Mravin_hranice.jpg?fit=474%2C335&amp;ssl=1\" class=\"alignnone wp-image-1443 size-large\" src=\"https:\/\/i0.wp.com\/www.sovamm.cz\/wordpress\/wp-content\/uploads\/2017\/02\/2017_Mravin_hranice-1024x723.jpg?resize=474%2C335&#038;ssl=1\" alt=\"\" width=\"474\" height=\"335\" srcset=\"https:\/\/i0.wp.com\/sovamm.cz\/wordpress\/wp-content\/uploads\/2017\/02\/2017_Mravin_hranice.jpg?resize=1024%2C723&amp;ssl=1 1024w, https:\/\/i0.wp.com\/sovamm.cz\/wordpress\/wp-content\/uploads\/2017\/02\/2017_Mravin_hranice.jpg?resize=300%2C212&amp;ssl=1 300w, https:\/\/i0.wp.com\/sovamm.cz\/wordpress\/wp-content\/uploads\/2017\/02\/2017_Mravin_hranice.jpg?resize=768%2C542&amp;ssl=1 768w, https:\/\/i0.wp.com\/sovamm.cz\/wordpress\/wp-content\/uploads\/2017\/02\/2017_Mravin_hranice.jpg?w=948&amp;ssl=1 948w, https:\/\/i0.wp.com\/sovamm.cz\/wordpress\/wp-content\/uploads\/2017\/02\/2017_Mravin_hranice.jpg?w=1422&amp;ssl=1 1422w\" sizes=\"auto, (max-width: 474px) 100vw, 474px\" \/><em>n\u00e1vrh hranice PZ&nbsp;Mrav\u00edn<\/em><\/p>\n<ul>\n<li><a href=\"https:\/\/sovamm.cz\/wordpress\/wp-content\/uploads\/2017\/02\/Navrh_VPZ_Mravin_2017.pdf\" target=\"_blank\" rel=\"noopener\">N\u00e1vrh pam\u00e1tkov\u00e9 z\u00f3ny Mrav\u00edn (SOVAMM 2017)<\/a><\/li>\n<li>SOVPIS: <a href=\"https:\/\/archiv.sovamm.cz\/photo\/?t=Albums\/album_534f56504953\/album_534f565049532f435a45\/album_534f565049532f435a452f4d726176696e5f3130303439#Albums\/album_534f56504953\/album_534f565049532f435a45\/album_534f565049532f435a452f4d726176696e5f3130303439\" target=\"_blank\" rel=\"noopener\">Mrav\u00edn<\/a> \/ <a href=\"https:\/\/archiv.sovamm.cz\/photo\/?t=Albums\/album_534f56504953\/album_534f565049532f435a45\/album_534f565049532f435a452f4d616c792d4d726176696e5f3534353339#Albums\/album_534f56504953\/album_534f565049532f435a45\/album_534f565049532f435a452f4d616c792d4d726176696e5f3534353339\" target=\"_blank\" rel=\"noopener\">Mal\u00fd Mrav\u00edn<\/a><\/li>\n<li>VA\u0158EKOV\u00c1, Zuzana. Plo\u0161n\u00fd pr\u016fzkum vesnice Mrav\u00edn.- <a href=\"http:\/\/iispp.npu.cz\/mis_public\/documentDetail.htm?id=314491\" target=\"_blank\" rel=\"noopener\">dokument v&nbsp;MIS<\/a><\/li>\n<\/ul>\n","protected":false},"excerpt":{"rendered":"<p>Vesni\u010dka Mrav\u00edn (okr. Chrudim) situovan\u00e1 ve v\u00fdchodn\u00edch \u010cech\u00e1ch cca 7 km od Vysok\u00e9ho M\u00fdta m\u016f\u017ee b\u00fdt z\u00e1jemc\u016fm o&nbsp;vesnick\u00e9 stavitelstv\u00ed ji\u017e zn\u00e1m\u00e1. V\u00a0roce 2012 zde byl zpracov\u00e1n plo\u0161n\u00fd pr\u016fzkum vesnice, kter\u00fd &hellip; <a href=\"https:\/\/sovamm.cz\/wordpress\/2017\/03\/13\/mravin-navrh-vpz\/\" class=\"more-link\">Pokra\u010dov\u00e1n\u00ed textu <span class=\"screen-reader-text\">Mrav\u00edn &#8211; n\u00e1vrh VPZ<\/span> <span class=\"meta-nav\">&rarr;<\/span><\/a><\/p>\n","protected":false},"author":13,"featured_media":1182,"comment_status":"open","ping_status":"open","sticky":false,"template":"","format":"standard","meta":{"jetpack_post_was_ever_published":false,"_jetpack_newsletter_access":"","_jetpack_dont_email_post_to_subs":false,"_jetpack_newsletter_tier_id":0,"_jetpack_memberships_contains_paywalled_content":false,"_jetpack_memberships_contains_paid_content":false,"footnotes":""},"categories":[53,12,59],"tags":[61,62],"class_list":["post-1180","post","type-post","status-publish","format-standard","has-post-thumbnail","hentry","category-publikovano","category-sovamm","category-zpravy","tag-mravin","tag-navrh-pz"],"jetpack_featured_media_url":"https:\/\/i0.wp.com\/sovamm.cz\/wordpress\/wp-content\/uploads\/2017\/01\/obr.-4-2-e1502820430805.jpg?fit=1038%2C584&ssl=1","jetpack_shortlink":"https:\/\/wp.me\/p8dB8l-j2","jetpack_sharing_enabled":true,"_links":{"self":[{"href":"https:\/\/sovamm.cz\/wordpress\/wp-json\/wp\/v2\/posts\/1180","targetHints":{"allow":["GET"]}}],"collection":[{"href":"https:\/\/sovamm.cz\/wordpress\/wp-json\/wp\/v2\/posts"}],"about":[{"href":"https:\/\/sovamm.cz\/wordpress\/wp-json\/wp\/v2\/types\/post"}],"author":[{"embeddable":true,"href":"https:\/\/sovamm.cz\/wordpress\/wp-json\/wp\/v2\/users\/13"}],"replies":[{"embeddable":true,"href":"https:\/\/sovamm.cz\/wordpress\/wp-json\/wp\/v2\/comments?post=1180"}],"version-history":[{"count":2,"href":"https:\/\/sovamm.cz\/wordpress\/wp-json\/wp\/v2\/posts\/1180\/revisions"}],"predecessor-version":[{"id":5923,"href":"https:\/\/sovamm.cz\/wordpress\/wp-json\/wp\/v2\/posts\/1180\/revisions\/5923"}],"wp:featuredmedia":[{"embeddable":true,"href":"https:\/\/sovamm.cz\/wordpress\/wp-json\/wp\/v2\/media\/1182"}],"wp:attachment":[{"href":"https:\/\/sovamm.cz\/wordpress\/wp-json\/wp\/v2\/media?parent=1180"}],"wp:term":[{"taxonomy":"category","embeddable":true,"href":"https:\/\/sovamm.cz\/wordpress\/wp-json\/wp\/v2\/categories?post=1180"},{"taxonomy":"post_tag","embeddable":true,"href":"https:\/\/sovamm.cz\/wordpress\/wp-json\/wp\/v2\/tags?post=1180"}],"curies":[{"name":"wp","href":"https:\/\/api.w.org\/{rel}","templated":true}]}}